{"id":94839,"date":"2025-10-01T18:44:10","date_gmt":"2025-10-01T18:44:10","guid":{"rendered":"https:\/\/www.europesays.com\/pt\/94839\/"},"modified":"2025-10-01T18:44:10","modified_gmt":"2025-10-01T18:44:10","slug":"vera-zangada-com-fabio-depois-de-este-expor-o-segredo-foi-a-traicao-secret-story","status":"publish","type":"post","link":"https:\/\/www.europesays.com\/pt\/94839\/","title":{"rendered":"Vera zangada com F\u00e1bio depois de este expor o segredo?: \u00abFoi \u00e0 trai\u00e7\u00e3o&#8230;\u00bb &#8211; Secret Story"},"content":{"rendered":"<p>No Secret Story 9, F\u00e1bio revelou a Liliana que o seu segredo tem a ver com Vera e todos viram essas imagens no Especial. Depois, Vera falou com algumas das concorrentes da casa e garantiu n\u00e3o estar chateada, apesar da &#8216;trai\u00e7\u00e3o&#8217;. Veja tudo.\u00a0<\/p>\n<p>Esta semana, h\u00e1 seis nomeados em risco de expuls\u00e3o. Vote para salvar o seu favorito:<\/p>\n<p>F\u00c1BIO \u2013 761 20 20 08<br \/>JOANA \u2013 761 20 20 11<br \/>LEANDRO \u2013 761 20 20 12<br \/>LILIANA \u2013 761 20 20 14<br \/>PEDRO \u2013 761 20 20 18<br \/>SANDRO \u2013 761 20 20 20<\/p>\n<p><strong><a href=\"https:\/\/tvi.iol.pt\/secretstory\/aominuto\" rel=\"nofollow noopener\" target=\"_blank\">Acompanhe aqui tudo o que se passa na casa mais vigiada do pa\u00eds!<\/a><\/strong><\/p>\n","protected":false},"excerpt":{"rendered":"No Secret Story 9, F\u00e1bio revelou a Liliana que o seu segredo tem a ver com Vera e&hellip;\n","protected":false},"author":2,"featured_media":94840,"comment_status":"","ping_status":"","sticky":false,"template":"","format":"standard","meta":{"footnotes":""},"categories":[142],"tags":[114,115,19082,19033,19034,32,33,151,11841,19032],"class_list":{"0":"post-94839","1":"post","2":"type-post","3":"status-publish","4":"format-standard","5":"has-post-thumbnail","7":"category-tv","8":"tag-entertainment","9":"tag-entretenimento","10":"tag-fabio","11":"tag-galas-em-video","12":"tag-melhores-momentos-casa-dos-segredos","13":"tag-portugal","14":"tag-pt","15":"tag-tv","16":"tag-vera","17":"tag-videos-secret-story-tvi"},"share_on_mastodon":{"url":"","error":""},"_links":{"self":[{"href":"https:\/\/www.europesays.com\/pt\/wp-json\/wp\/v2\/posts\/94839","targetHints":{"allow":["GET"]}}],"collection":[{"href":"https:\/\/www.europesays.com\/pt\/wp-json\/wp\/v2\/posts"}],"about":[{"href":"https:\/\/www.europesays.com\/pt\/wp-json\/wp\/v2\/types\/post"}],"author":[{"embeddable":true,"href":"https:\/\/www.europesays.com\/pt\/wp-json\/wp\/v2\/users\/2"}],"replies":[{"embeddable":true,"href":"https:\/\/www.europesays.com\/pt\/wp-json\/wp\/v2\/comments?post=94839"}],"version-history":[{"count":0,"href":"https:\/\/www.europesays.com\/pt\/wp-json\/wp\/v2\/posts\/94839\/revisions"}],"wp:featuredmedia":[{"embeddable":true,"href":"https:\/\/www.europesays.com\/pt\/wp-json\/wp\/v2\/media\/94840"}],"wp:attachment":[{"href":"https:\/\/www.europesays.com\/pt\/wp-json\/wp\/v2\/media?parent=94839"}],"wp:term":[{"taxonomy":"category","embeddable":true,"href":"https:\/\/www.europesays.com\/pt\/wp-json\/wp\/v2\/categories?post=94839"},{"taxonomy":"post_tag","embeddable":true,"href":"https:\/\/www.europesays.com\/pt\/wp-json\/wp\/v2\/tags?post=94839"}],"curies":[{"name":"wp","href":"https:\/\/api.w.org\/{rel}","templated":true}]}}