{"id":94858,"date":"2025-10-01T18:58:13","date_gmt":"2025-10-01T18:58:13","guid":{"rendered":"https:\/\/www.europesays.com\/pt\/94858\/"},"modified":"2025-10-01T18:58:13","modified_gmt":"2025-10-01T18:58:13","slug":"portal-puc-campinas-livro-marca-inicio-das-celebracoes-do-centenario-do-carmelo-de-santa-teresinha","status":"publish","type":"post","link":"https:\/\/www.europesays.com\/pt\/94858\/","title":{"rendered":"Portal PUC-Campinas \u00bb \u00bb Livro marca in\u00edcio das celebra\u00e7\u00f5es do centen\u00e1rio do Carmelo de Santa Teresinha"},"content":{"rendered":"<p>\t\t\t\t\t<strong>Livro marca in\u00edcio das celebra\u00e7\u00f5es do centen\u00e1rio do Carmelo de Santa Teresinha<\/strong><\/p>\n<p style=\"text-align: center;\">Obra \u201cProcuro-Te desde a aurora\u2026\u201d foi lan\u00e7ada em solenidade no convento, em parceria com a PUC-Campinas, e ter\u00e1 renda revertida para a manuten\u00e7\u00e3o do espa\u00e7o<\/p>\n<p>O Carmelo de Santa Teresinha do Menino Jesus deu in\u00edcio, no \u00faltimo dia 24 de setembro, \u00e0s festividades de seu centen\u00e1rio com o lan\u00e7amento do livro \u201cProcuro-Te desde a aurora\u2026\u201d. O evento, realizado no espa\u00e7o do convento das Irm\u00e3s Carmelitas, contou com uma Missa Solene seguida da apresenta\u00e7\u00e3o da obra, produzida especialmente a pedido da Arquidiocese de Campinas.<\/p>\n<p>A publica\u00e7\u00e3o foi realizada em parceria com a Editora Splendet, bra\u00e7o editorial da PUC-Campinas, que tem como miss\u00e3o promover produ\u00e7\u00f5es intelectuais e acad\u00eamicas de qualidade, refor\u00e7ando o compromisso com a educa\u00e7\u00e3o e a cultura da regi\u00e3o. Ao todo, foram cedidos 2 mil exemplares do livro, que ser\u00e3o comercializados pelas Irm\u00e3s Carmelitas. Toda a renda obtida ser\u00e1 revertida para a manuten\u00e7\u00e3o do convento.<\/p>\n<p>Com este lan\u00e7amento, tem in\u00edcio um calend\u00e1rio de atividades comemorativas que ao longo dos pr\u00f3ximos meses vai resgatar e valorizar a hist\u00f3ria do Carmelo, considerado um marco hist\u00f3rico para Campinas e regi\u00e3o.<\/p>\n<p>\u201cO nosso projeto \u00e9 ter diversas celebra\u00e7\u00f5es durante esse ano: com par\u00f3quias, com os padres, comunidades em geral e todos aqueles que desejarem celebrar conosco um momento. Trata-se de um momento de ora\u00e7\u00e3o e de adora\u00e7\u00e3o\u201d, disse a Madre Maria Clara.\u00a0 \u201cO livro que, gra\u00e7as \u00e0 PUC-Campinas, n\u00f3s conseguimos lan\u00e7ar, traz uma parte da hist\u00f3ria do Carmelo de Campinas. O leitor vai encontrar informa\u00e7\u00f5es das irm\u00e3s que passaram aqui, como chegaram at\u00e9 aqui e todo o esfor\u00e7o de Dom Barreto para que o Carmelo se fixasse em Campinas\u201d, completou.<\/p>\n<p>O livro pode ser adquirido no espa\u00e7o do Carmelo, situado na rua Luiz Vicentin, 612, Jardim Santa Genebra II, em Campinas.<\/p>\n<p><\/p>\n<p>Carlos Giacomeli<\/p>\n<p>1 de outubro de 2025<\/p>\n","protected":false},"excerpt":{"rendered":"Livro marca in\u00edcio das celebra\u00e7\u00f5es do centen\u00e1rio do Carmelo de Santa Teresinha Obra \u201cProcuro-Te desde a aurora\u2026\u201d foi&hellip;\n","protected":false},"author":2,"featured_media":94859,"comment_status":"","ping_status":"","sticky":false,"template":"","format":"standard","meta":{"footnotes":""},"categories":[143],"tags":[169,1259,10379,114,115,3059,170,10380,10381,32,33,10377,10378,3062],"class_list":{"0":"post-94858","1":"post","2":"type-post","3":"status-publish","4":"format-standard","5":"has-post-thumbnail","7":"category-livros","8":"tag-books","9":"tag-campinas","10":"tag-catolica","11":"tag-entertainment","12":"tag-entretenimento","13":"tag-faculdade","14":"tag-livros","15":"tag-pontificia","16":"tag-pontificia-universidade-catolica-de-campinas","17":"tag-portugal","18":"tag-pt","19":"tag-puc-campinas","20":"tag-puccamp","21":"tag-universidade"},"share_on_mastodon":{"url":"","error":""},"_links":{"self":[{"href":"https:\/\/www.europesays.com\/pt\/wp-json\/wp\/v2\/posts\/94858","targetHints":{"allow":["GET"]}}],"collection":[{"href":"https:\/\/www.europesays.com\/pt\/wp-json\/wp\/v2\/posts"}],"about":[{"href":"https:\/\/www.europesays.com\/pt\/wp-json\/wp\/v2\/types\/post"}],"author":[{"embeddable":true,"href":"https:\/\/www.europesays.com\/pt\/wp-json\/wp\/v2\/users\/2"}],"replies":[{"embeddable":true,"href":"https:\/\/www.europesays.com\/pt\/wp-json\/wp\/v2\/comments?post=94858"}],"version-history":[{"count":0,"href":"https:\/\/www.europesays.com\/pt\/wp-json\/wp\/v2\/posts\/94858\/revisions"}],"wp:featuredmedia":[{"embeddable":true,"href":"https:\/\/www.europesays.com\/pt\/wp-json\/wp\/v2\/media\/94859"}],"wp:attachment":[{"href":"https:\/\/www.europesays.com\/pt\/wp-json\/wp\/v2\/media?parent=94858"}],"wp:term":[{"taxonomy":"category","embeddable":true,"href":"https:\/\/www.europesays.com\/pt\/wp-json\/wp\/v2\/categories?post=94858"},{"taxonomy":"post_tag","embeddable":true,"href":"https:\/\/www.europesays.com\/pt\/wp-json\/wp\/v2\/tags?post=94858"}],"curies":[{"name":"wp","href":"https:\/\/api.w.org\/{rel}","templated":true}]}}