{"id":94860,"date":"2025-10-01T18:59:14","date_gmt":"2025-10-01T18:59:14","guid":{"rendered":"https:\/\/www.europesays.com\/pt\/94860\/"},"modified":"2025-10-01T18:59:14","modified_gmt":"2025-10-01T18:59:14","slug":"mariana-desafia-rivais-e-lanca-metafora-ousada-sou-um-leopardo-e-o-leopardo-mata-a-cobra-secret-story","status":"publish","type":"post","link":"https:\/\/www.europesays.com\/pt\/94860\/","title":{"rendered":"Mariana desafia rivais e lan\u00e7a met\u00e1fora ousada: \u00abSou um leopardo, e o leopardo mata a cobra\u00bb &#8211; Secret Story"},"content":{"rendered":"<p>No Secret Story 9, Mariana conquistou um lanche especial com Dylan no papel de guardi\u00e3 da Voz. Entre conversas descontra\u00eddas, os dois acabaram por falar da suposta \u201cqu\u00edmica\u201d entre eles e da rela\u00e7\u00e3o falhada de Dylan com Vera. Mariana confessou acreditar que Vera ser\u00e1 odiada na casa, ao que Dylan respondeu que agora s\u00f3 resta a colega ser inteligente nas suas jogadas. Confiante, Mariana garantiu que vai aproveitar a oportunidade, afirmando que o jogo veio ter com ela, e rematou com uma met\u00e1fora ousada: \u00abSou um leopardo, e o leopardo mata a cobra\u00bb.<\/p>\n<p>Esta semana, h\u00e1 seis nomeados em risco de expuls\u00e3o. Vote para salvar o seu favorito:<\/p>\n<p>F\u00c1BIO \u2013 761 20 20 08<br \/>JOANA \u2013 761 20 20 11<br \/>LEANDRO \u2013 761 20 20 12<br \/>LILIANA \u2013 761 20 20 14<br \/>PEDRO \u2013 761 20 20 18<br \/>SANDRO \u2013 761 20 20 20<\/p>\n<p><a href=\"https:\/\/tvi.iol.pt\/secretstory\/aominuto\" wbo-id=\"32\" rel=\"nofollow noopener\" target=\"_blank\">Acompanhe aqui tudo o que se passa na casa mais vigiada do pa\u00eds!<\/a><\/p>\n","protected":false},"excerpt":{"rendered":"No Secret Story 9, Mariana conquistou um lanche especial com Dylan no papel de guardi\u00e3 da Voz. Entre&hellip;\n","protected":false},"author":2,"featured_media":94861,"comment_status":"","ping_status":"","sticky":false,"template":"","format":"standard","meta":{"footnotes":""},"categories":[142],"tags":[19105,114,115,19033,884,19034,32,33,151,19032],"class_list":{"0":"post-94860","1":"post","2":"type-post","3":"status-publish","4":"format-standard","5":"has-post-thumbnail","7":"category-tv","8":"tag-dylan","9":"tag-entertainment","10":"tag-entretenimento","11":"tag-galas-em-video","12":"tag-mariana","13":"tag-melhores-momentos-casa-dos-segredos","14":"tag-portugal","15":"tag-pt","16":"tag-tv","17":"tag-videos-secret-story-tvi"},"share_on_mastodon":{"url":"","error":""},"_links":{"self":[{"href":"https:\/\/www.europesays.com\/pt\/wp-json\/wp\/v2\/posts\/94860","targetHints":{"allow":["GET"]}}],"collection":[{"href":"https:\/\/www.europesays.com\/pt\/wp-json\/wp\/v2\/posts"}],"about":[{"href":"https:\/\/www.europesays.com\/pt\/wp-json\/wp\/v2\/types\/post"}],"author":[{"embeddable":true,"href":"https:\/\/www.europesays.com\/pt\/wp-json\/wp\/v2\/users\/2"}],"replies":[{"embeddable":true,"href":"https:\/\/www.europesays.com\/pt\/wp-json\/wp\/v2\/comments?post=94860"}],"version-history":[{"count":0,"href":"https:\/\/www.europesays.com\/pt\/wp-json\/wp\/v2\/posts\/94860\/revisions"}],"wp:featuredmedia":[{"embeddable":true,"href":"https:\/\/www.europesays.com\/pt\/wp-json\/wp\/v2\/media\/94861"}],"wp:attachment":[{"href":"https:\/\/www.europesays.com\/pt\/wp-json\/wp\/v2\/media?parent=94860"}],"wp:term":[{"taxonomy":"category","embeddable":true,"href":"https:\/\/www.europesays.com\/pt\/wp-json\/wp\/v2\/categories?post=94860"},{"taxonomy":"post_tag","embeddable":true,"href":"https:\/\/www.europesays.com\/pt\/wp-json\/wp\/v2\/tags?post=94860"}],"curies":[{"name":"wp","href":"https:\/\/api.w.org\/{rel}","templated":true}]}}