{"id":94862,"date":"2025-10-01T19:00:08","date_gmt":"2025-10-01T19:00:08","guid":{"rendered":"https:\/\/www.europesays.com\/pt\/94862\/"},"modified":"2025-10-01T19:00:08","modified_gmt":"2025-10-01T19:00:08","slug":"guerreiras-do-kpop-ejae-musicas-compostas-por-ejae-voz-de-rumi","status":"publish","type":"post","link":"https:\/\/www.europesays.com\/pt\/94862\/","title":{"rendered":"Guerreiras do Kpop EJAE | M\u00fasicas compostas por EJAE, voz de Rumi"},"content":{"rendered":"<p><strong>EJAE\u00a0<\/strong>\u00e9 provavelmente a compositora mais ouvida de 2025.<\/p>\n<p>A artista sul-coreana, afinal, escreveu &#8220;<a href=\"https:\/\/www.youtube.com\/watch?v=yebNIHKAC4A\" rel=\"nofollow noopener\" target=\"_blank\">Golden<\/a>&#8220;, &#8220;<a href=\"https:\/\/www.youtube.com\/watch?v=QGsevnbItdU\" rel=\"nofollow noopener\" target=\"_blank\">How It&#8217;s Done<\/a>&#8220;, &#8220;<a href=\"https:\/\/www.youtube.com\/watch?v=cWppAbqm9I8\" rel=\"nofollow noopener\" target=\"_blank\">Your Idol<\/a>&#8221; e &#8220;<a href=\"https:\/\/www.youtube.com\/watch?v=Ug_pv5-r1js\" rel=\"nofollow noopener\" target=\"_blank\">What It Sounds Like<\/a>&#8220;, algumas das can\u00e7\u00f5es mais badaladas da trilha sonora de\u00a0<strong>Guerreiras do K-Pop<\/strong>.\u00a0E o seu envolvimento com o hit da\u00a0<strong>Netflix<\/strong> n\u00e3o se limita a isso, uma vez que EJAE tamb\u00e9m empresta a voz cantada de Rumi, a l\u00edder das\u00a0<strong>HUNTR\/X<\/strong> no filme.<\/p>\n<p>O que muita gente n\u00e3o sabe \u00e9 que EJAE tem tamb\u00e9m um curr\u00edculo brilhante no k-pop antes de\u00a0Guerreiras. Com composi\u00e7\u00f5es gravadas por\u00a0<strong>Red Velvet, TWICE, KARD, NMIXX<\/strong> e muito mais, a artista tem um verdadeiro tesouro a ser descoberto pelos novos f\u00e3s.<\/p>\n<p>O\u00a0<strong>Omelete<\/strong>, \u00e9 claro, te ajuda nessa miss\u00e3o. Confira abaixo 20 can\u00e7\u00f5es escritas por EJAE &#8211; e uma\u00a0playlist juntando todas elas!<\/p>\n","protected":false},"excerpt":{"rendered":"EJAE\u00a0\u00e9 provavelmente a compositora mais ouvida de 2025. A artista sul-coreana, afinal, escreveu &#8220;Golden&#8220;, &#8220;How It&#8217;s Done&#8220;, &#8220;Your&hellip;\n","protected":false},"author":2,"featured_media":94863,"comment_status":"","ping_status":"","sticky":false,"template":"","format":"standard","meta":{"footnotes":""},"categories":[141],"tags":[114,115,149,150,32,33],"class_list":{"0":"post-94862","1":"post","2":"type-post","3":"status-publish","4":"format-standard","5":"has-post-thumbnail","7":"category-musica","8":"tag-entertainment","9":"tag-entretenimento","10":"tag-music","11":"tag-musica","12":"tag-portugal","13":"tag-pt"},"share_on_mastodon":{"url":"","error":""},"_links":{"self":[{"href":"https:\/\/www.europesays.com\/pt\/wp-json\/wp\/v2\/posts\/94862","targetHints":{"allow":["GET"]}}],"collection":[{"href":"https:\/\/www.europesays.com\/pt\/wp-json\/wp\/v2\/posts"}],"about":[{"href":"https:\/\/www.europesays.com\/pt\/wp-json\/wp\/v2\/types\/post"}],"author":[{"embeddable":true,"href":"https:\/\/www.europesays.com\/pt\/wp-json\/wp\/v2\/users\/2"}],"replies":[{"embeddable":true,"href":"https:\/\/www.europesays.com\/pt\/wp-json\/wp\/v2\/comments?post=94862"}],"version-history":[{"count":0,"href":"https:\/\/www.europesays.com\/pt\/wp-json\/wp\/v2\/posts\/94862\/revisions"}],"wp:featuredmedia":[{"embeddable":true,"href":"https:\/\/www.europesays.com\/pt\/wp-json\/wp\/v2\/media\/94863"}],"wp:attachment":[{"href":"https:\/\/www.europesays.com\/pt\/wp-json\/wp\/v2\/media?parent=94862"}],"wp:term":[{"taxonomy":"category","embeddable":true,"href":"https:\/\/www.europesays.com\/pt\/wp-json\/wp\/v2\/categories?post=94862"},{"taxonomy":"post_tag","embeddable":true,"href":"https:\/\/www.europesays.com\/pt\/wp-json\/wp\/v2\/tags?post=94862"}],"curies":[{"name":"wp","href":"https:\/\/api.w.org\/{rel}","templated":true}]}}