{"id":94917,"date":"2025-10-01T19:44:07","date_gmt":"2025-10-01T19:44:07","guid":{"rendered":"https:\/\/www.europesays.com\/pt\/94917\/"},"modified":"2025-10-01T19:44:07","modified_gmt":"2025-10-01T19:44:07","slug":"obra-sobre-conimbriga-vence-premio-joaquim-de-carvalho-observador","status":"publish","type":"post","link":"https:\/\/www.europesays.com\/pt\/94917\/","title":{"rendered":"Obra sobre Con\u00edmbriga vence Pr\u00e9mio Joaquim de Carvalho \u2013 Observador"},"content":{"rendered":"<p>A obra \u201cCon\u00edmbriga: a vida de uma cidade da Lusit\u00e2nia\u201d, de Virg\u00edlio Hip\u00f3lito Correia, foi distinguida com o Pr\u00e9mio Joaquim de Carvalho, atribu\u00eddo pela Imprensa da Universidade de Coimbra (IUC), anunciou esta quarta-feira\u00a0a institui\u00e7\u00e3o.<\/p>\n<p>O Pr\u00e9mio, com o valor pecuni\u00e1rio de 3.000 euros, distingue, anualmente, trabalhos de investiga\u00e7\u00e3o ou divulga\u00e7\u00e3o cient\u00edfica publicados pela IUC no ano anterior.<\/p>\n<p>A obra, do arque\u00f3logo Virg\u00edlio Correia, apresenta \u201cuma vis\u00e3o completa da arqueologia de Con\u00edmbriga, desde as suas origens na Pr\u00e9-hist\u00f3ria recente at\u00e9 \u00e0 sua desertifica\u00e7\u00e3o nos alvores da Idade M\u00e9dia, a partir de 130 anos de investiga\u00e7\u00e3o arqueol\u00f3gica\u201d, segundo comunicado enviado \u00e0 ag\u00eancia Lusa.<\/p>\n<p>\u201cCon\u00edmbriga: a vida de uma cidade da Lusit\u00e2nia\u201d \u201cre\u00fane informa\u00e7\u00f5es de relevante valor hist\u00f3rico, que a tornam um contributo inelud\u00edvel para futuras investiga\u00e7\u00f5es\u201d, refere o j\u00fari.<\/p>\n<p>A obra\u00a0surge \u201cnum momento em que novas escava\u00e7\u00f5es est\u00e3o a ter lugar em Con\u00edmbriga (Condeixa-a-Nova), com a participa\u00e7\u00e3o de equipas da Universidade de Coimbra\u201d.<\/p>\n<p>\u201cMais estruturas arquitet\u00f3nicas come\u00e7am a revelar-se, motivando trabalhos cient\u00edficos na \u00e1rea da obra agora premiada\u201d, segundo a mesma fonte.<\/p>\n<p>Monumento nacional desde 1910, as ru\u00ednas romanas de Con\u00edmbriga s\u00e3o candidatas a Patrim\u00f3nio da Humanidade pela UNESCO.<\/p>\n<p>As ru\u00ednas da antiga cidade da Hisp\u00e2nia romana, na prov\u00edncia da Lusit\u00e2nia, s\u00e3o conhecidas desde o s\u00e9culo XIV, mas as primeiras escava\u00e7\u00f5es\u00a0aconteceram s\u00f3 em 1873, e \u00e0s quais se seguiram\u00a0trabalhos arqueol\u00f3gicos em 1889, patrocinados pela rainha D. Am\u00e9lia.<\/p>\n<p>O autor premiado estudou nas universidades do Porto e de Coimbra, trabalhou no Servi\u00e7o Regional de Arqueologia da Zona Sul do ent\u00e3o Instituto Portugu\u00eas do Patrim\u00f3nio Cultural e, posteriormente, em Con\u00edmbriga, cujo Museu Monogr\u00e1fico dirigiu entre 1999 e 2017. \u00c9 investigador integrado do Centro de Estudos Cl\u00e1ssicos e Human\u00edsticos da Universidade de Coimbra (UC), sendo autor\u00a0de mais de uma centena de trabalhos publicados sobre temas desde a Idade do Bronze \u00e0 \u00c9poca Romana e sobre a Gest\u00e3o do Patrim\u00f3nio.<\/p>\n<p>A cerim\u00f3nia de entrega do galard\u00e3o est\u00e1 prevista para\u00a0\u00a02 de outubro, \u00e0s 12h00, na Sala do Senado da UC, e contar\u00e1 com as interven\u00e7\u00f5es do reitor da Universidade, Am\u00edlcar Falc\u00e3o, do vice-reitor para a Cultura, Comunica\u00e7\u00e3o e Ci\u00eancia Aberta, Delfim Le\u00e3o, da diretora da IUC, Carlota Sim\u00f5es, de Virg\u00edlio Hip\u00f3lito Correia, entre outras individualidades, nomeadamente o representante do patrocinador do galard\u00e3o, a empresa de papel Navigator.<\/p>\n","protected":false},"excerpt":{"rendered":"A obra \u201cCon\u00edmbriga: a vida de uma cidade da Lusit\u00e2nia\u201d, de Virg\u00edlio Hip\u00f3lito Correia, foi distinguida com o&hellip;\n","protected":false},"author":2,"featured_media":94918,"comment_status":"","ping_status":"","sticky":false,"template":"","format":"standard","meta":{"footnotes":""},"categories":[143],"tags":[169,442,1911,315,114,115,8305,170,23542,57,32,33,58],"class_list":{"0":"post-94917","1":"post","2":"type-post","3":"status-publish","4":"format-standard","5":"has-post-thumbnail","7":"category-livros","8":"tag-books","9":"tag-ciu00eancia","10":"tag-coimbra","11":"tag-cultura","12":"tag-entertainment","13":"tag-entretenimento","14":"tag-histu00f3ria","15":"tag-livros","16":"tag-patrimu00f3nio","17":"tag-pau00eds","18":"tag-portugal","19":"tag-pt","20":"tag-sociedade"},"share_on_mastodon":{"url":"","error":""},"_links":{"self":[{"href":"https:\/\/www.europesays.com\/pt\/wp-json\/wp\/v2\/posts\/94917","targetHints":{"allow":["GET"]}}],"collection":[{"href":"https:\/\/www.europesays.com\/pt\/wp-json\/wp\/v2\/posts"}],"about":[{"href":"https:\/\/www.europesays.com\/pt\/wp-json\/wp\/v2\/types\/post"}],"author":[{"embeddable":true,"href":"https:\/\/www.europesays.com\/pt\/wp-json\/wp\/v2\/users\/2"}],"replies":[{"embeddable":true,"href":"https:\/\/www.europesays.com\/pt\/wp-json\/wp\/v2\/comments?post=94917"}],"version-history":[{"count":0,"href":"https:\/\/www.europesays.com\/pt\/wp-json\/wp\/v2\/posts\/94917\/revisions"}],"wp:featuredmedia":[{"embeddable":true,"href":"https:\/\/www.europesays.com\/pt\/wp-json\/wp\/v2\/media\/94918"}],"wp:attachment":[{"href":"https:\/\/www.europesays.com\/pt\/wp-json\/wp\/v2\/media?parent=94917"}],"wp:term":[{"taxonomy":"category","embeddable":true,"href":"https:\/\/www.europesays.com\/pt\/wp-json\/wp\/v2\/categories?post=94917"},{"taxonomy":"post_tag","embeddable":true,"href":"https:\/\/www.europesays.com\/pt\/wp-json\/wp\/v2\/tags?post=94917"}],"curies":[{"name":"wp","href":"https:\/\/api.w.org\/{rel}","templated":true}]}}