{"id":94925,"date":"2025-10-01T19:49:21","date_gmt":"2025-10-01T19:49:21","guid":{"rendered":"https:\/\/www.europesays.com\/pt\/94925\/"},"modified":"2025-10-01T19:49:21","modified_gmt":"2025-10-01T19:49:21","slug":"camara-de-curitiba-se-mobiliza-no-outubro-rosa-portal-da-camara-municipal-de-curitiba","status":"publish","type":"post","link":"https:\/\/www.europesays.com\/pt\/94925\/","title":{"rendered":"C\u00e2mara de Curitiba se mobiliza no Outubro Rosa \u2014 Portal da C\u00e2mara Municipal de Curitiba"},"content":{"rendered":"<p dir=\"ltr\" id=\"docs-internal-guid-9a75e77f-7fff-e900-31e6-52ada61afe67\">A <strong>C\u00e2mara Municipal de Curitiba<\/strong> (CMC) est\u00e1 mobilizada neste <strong>Outubro Rosa<\/strong>, <strong>m\u00eas da preven\u00e7\u00e3o e conscientiza\u00e7\u00e3o sobre a import\u00e2ncia do diagn\u00f3stico precoce do c\u00e2ncer de mama<\/strong>, que \u00e9 um dos tipos de c\u00e2ncer mais comum entre mulheres no Brasil, conforme <a href=\"https:\/\/www.gov.br\/saude\/pt-br\/assuntos\/saude-de-a-a-z\/c\/cancer-de-mama\" rel=\"nofollow noopener\" target=\"_blank\">dados do <strong>Minist\u00e9rio da Sa\u00fade<\/strong><\/a>. O per\u00edodo \u00e9 dedicado a aumentar o conhecimento sobre a doen\u00e7a, encorajar as mulheres a fazerem exames regulares e conhecerem seus corpos, al\u00e9m de abordar a sa\u00fade da mulher de forma mais ampla, incluindo a preven\u00e7\u00e3o de outros c\u00e2nceres.<\/p>\n<p dir=\"ltr\">&#8220;Importante destacar o come\u00e7o do m\u00eas de outubro, a campanha do Outubro Rosa, de <strong>preven\u00e7\u00e3o e combate ao c\u00e2ncer de mama<\/strong>&#8220;, afirmou o vereador <strong>Bruno Rossi<\/strong> (Agir) logo na abertura da sess\u00e3o plen\u00e1ria desta quarta-feira (1\u00b0). No mesmo sentido, <strong>Vanda de Assis<\/strong> (PT) ressaltou a necessidade de ampliar a preven\u00e7\u00e3o e os cuidados com a <strong>sa\u00fade da mulher<\/strong>. A parlamentar destacou que a mortalidade por c\u00e2ncer de mama segue em crescimento, especialmente nas regi\u00f5es Sul e Sudeste, e refor\u00e7ou a import\u00e2ncia da realiza\u00e7\u00e3o do autoexame e da busca pelas unidades de sa\u00fade.<strong>\u00a0A bancada feminina manifestou apoio para as atividades relacionadas ao Outubro Rosa.<\/strong><br \/>Logo na sequ\u00eancia o <strong>vereador Tico Kuzma<\/strong>\u00a0(PSD), presidente da Casa, convidou a chefe da Divis\u00e3o de Sa\u00fade Ocupacional da CMC, Luciane Alves Domingues, para convidar vereadores, vereadoras e servidores a participarem da\u00a0campanha <strong>Doe e Ganhe<\/strong>. \u201cEm parceria com o Setor de Desenvolvimento de Pessoal, estamos promovendo esta campanha, em conjunto com a <strong>ONG Embaixadoras do Bem<\/strong>. De hoje at\u00e9 13 de outubro, quem doar um chinelinho de borracha (n\u00fameros 36 a 43) ou um kit de higiene (sab\u00e3o, shampoo, pasta e escova de dente) receber\u00e1 uma camiseta alusiva ao Outubro Rosa. As doa\u00e7\u00f5es ser\u00e3o destinadas \u00e0 ONG, que far\u00e1 a distribui\u00e7\u00e3o em hospitais da cidade, como o <strong>Erasto Gaertner<\/strong>&#8220;.<\/p>\n<p><img decoding=\"async\" src=\"https:\/\/www.europesays.com\/pt\/wp-content\/uploads\/2025\/10\/4df71496-8603-4204-96ac-0f12c561df04.jpeg\" alt=\"Luciane fala sobre Outubro Rosa\" class=\"image-right\" title=\"Luciane fala sobre Outubro Rosa\"\/>Luciane destacou que, para as servidoras da C\u00e2mara, haver\u00e1 ainda uma a\u00e7\u00e3o especial: \u201cas mulheres que apresentarem exames atualizados de <strong>mamografia e Papanicolau<\/strong> participar\u00e3o do sorteio de uma cesta de chocolates da Cacau Show\u201d. A servidora refor\u00e7ou a import\u00e2ncia da mobiliza\u00e7\u00e3o e pediu que haja o incentivo aos colegas, gabinetes, familiares e amigos a participar da campanha e, principalmente, a realizar os exames preventivos, porque eles realmente salvam vidas. \u201cContamos com o engajamento de todos \u2014 vereadoras, servidoras, mas tamb\u00e9m os vereadores e servidores, que podem doar e levar a camiseta para suas esposas, filhas e familiares\u201d.<\/p>\n<p>Ainda no \u00e2mbito do Outubro Rosa, foram distribu\u00eddos aos presentes na sess\u00e3o folders com orienta\u00e7\u00f5es de preven\u00e7\u00e3o ao c\u00e2ncer de mama e la\u00e7os rosas, que simbolizam a campanha. O presidente Tico Kuzma sublinhou a import\u00e2ncia do engajamento de todos na campanha Doe e Ganhe.<\/p>\n<p>Leia tamb\u00e9m:<\/p>\n","protected":false},"excerpt":{"rendered":"A C\u00e2mara Municipal de Curitiba (CMC) est\u00e1 mobilizada neste Outubro Rosa, m\u00eas da preven\u00e7\u00e3o e conscientiza\u00e7\u00e3o sobre a&hellip;\n","protected":false},"author":2,"featured_media":94926,"comment_status":"","ping_status":"","sticky":false,"template":"","format":"standard","meta":{"footnotes":""},"categories":[86],"tags":[116,23543,32,33,117],"class_list":{"0":"post-94925","1":"post","2":"type-post","3":"status-publish","4":"format-standard","5":"has-post-thumbnail","7":"category-saude","8":"tag-health","9":"tag-outubro-rosa","10":"tag-portugal","11":"tag-pt","12":"tag-saude"},"share_on_mastodon":{"url":"","error":""},"_links":{"self":[{"href":"https:\/\/www.europesays.com\/pt\/wp-json\/wp\/v2\/posts\/94925","targetHints":{"allow":["GET"]}}],"collection":[{"href":"https:\/\/www.europesays.com\/pt\/wp-json\/wp\/v2\/posts"}],"about":[{"href":"https:\/\/www.europesays.com\/pt\/wp-json\/wp\/v2\/types\/post"}],"author":[{"embeddable":true,"href":"https:\/\/www.europesays.com\/pt\/wp-json\/wp\/v2\/users\/2"}],"replies":[{"embeddable":true,"href":"https:\/\/www.europesays.com\/pt\/wp-json\/wp\/v2\/comments?post=94925"}],"version-history":[{"count":0,"href":"https:\/\/www.europesays.com\/pt\/wp-json\/wp\/v2\/posts\/94925\/revisions"}],"wp:featuredmedia":[{"embeddable":true,"href":"https:\/\/www.europesays.com\/pt\/wp-json\/wp\/v2\/media\/94926"}],"wp:attachment":[{"href":"https:\/\/www.europesays.com\/pt\/wp-json\/wp\/v2\/media?parent=94925"}],"wp:term":[{"taxonomy":"category","embeddable":true,"href":"https:\/\/www.europesays.com\/pt\/wp-json\/wp\/v2\/categories?post=94925"},{"taxonomy":"post_tag","embeddable":true,"href":"https:\/\/www.europesays.com\/pt\/wp-json\/wp\/v2\/tags?post=94925"}],"curies":[{"name":"wp","href":"https:\/\/api.w.org\/{rel}","templated":true}]}}