{"id":95001,"date":"2025-10-01T21:01:16","date_gmt":"2025-10-01T21:01:16","guid":{"rendered":"https:\/\/www.europesays.com\/pt\/95001\/"},"modified":"2025-10-01T21:01:16","modified_gmt":"2025-10-01T21:01:16","slug":"estava-tudo-normal-produtor-relembra-ultimo-dia-de-ozzy-e-fala-sobre-vinculo","status":"publish","type":"post","link":"https:\/\/www.europesays.com\/pt\/95001\/","title":{"rendered":"&#8220;Estava tudo normal&#8221;: produtor relembra \u00faltimo dia de Ozzy e fala sobre v\u00ednculo"},"content":{"rendered":"<p>A morte de Ozzy Osbourne, ocorrida em julho de 2025, continua gerando homenagens e depoimentos emocionados de amigos, familiares e parceiros musicais. Um dos mais pr\u00f3ximos do lend\u00e1rio vocalista era o produtor Andrew Watt, respons\u00e1vel pelos discos &#8220;Ordinary Man&#8221; (2020) e &#8220;Patient Number 9&#8221; (2022). Em entrevista publicada pela Rolling Stone no dia 27 de setembro, Watt descreveu como o falecimento foi um choque absoluto. A entrevista foi publicada pela <a href=\"https:\/\/www.rollingstone.com\/music\/music-features\/ozzy-osbourne-last-days-andrew-watt-1235436231\/\" rel=\"nofollow noopener\" target=\"_blank\">Rolling Stone<\/a>.<\/p>\n<p>&#8220;Estava tudo normal no dia anterior, e no seguinte veio a not\u00edcia, um choque gigante&#8221;, afirmou. O produtor disse que perder Ozzy foi &#8220;como perder um membro da fam\u00edlia&#8221;: &#8220;Ele via em mim coisas que eu mesmo n\u00e3o via. Quem teve a sorte de ser amado por ele sabe disso. Ele enxergava voc\u00ea no seu melhor e no seu pior, tinha uma intui\u00e7\u00e3o impressionante&#8221;.<\/p>\n<p><a href=\"https:\/\/whiplash.net\/bandas\/o\/ozzyosbourne.html\" class=\"linkBotao\" rel=\"nofollow noopener\" target=\"_blank\">Ozzy Osbourne &#8211; Mais Novidades<\/a><\/p>\n<p>CONTINUA DEPOIS DA PUBLICIDADE &#8211; CLI<\/p>\n<p>&#13;<br \/>\n&#13;<br \/>\n&#13;<br \/>\n&#13;<br \/>\n&#13;<br \/>\n&#13;<br \/>\n&#13;<br \/>\n&#13;<br \/>\n<a href=\"https:\/\/whiplash.net\/materias\/whiplash\/027002.html\" rel=\"nofollow noopener\" target=\"_blank\"><img decoding=\"async\" src=\"https:\/\/www.europesays.com\/pt\/wp-content\/uploads\/2025\/09\/1759243690_707_anunciar_diabo_336x280.gif\" loading=\"lazy\" width=\"336\" height=\"280\" class=\"widthConstrained\" style=\"background-color:#000000;display:block;\" alt=\"Anunciar bandas e shows de Rock e Heavy Metal\"\/><\/a>&#13;<\/p>\n<p><a target=\"_blank\" href=\"https:\/\/www.europesays.com\/pt\/wp-content\/uploads\/2025\/08\/ozzy_osbourne_last_rites_capa_corte.jpg\"><img loading=\"lazy\" decoding=\"async\" src=\"https:\/\/www.europesays.com\/pt\/wp-content\/uploads\/2025\/08\/ozzy_osbourne_last_rites_capa_corte.jpg\" class=\"widthConstrained\" width=\"700\" height=\"446\" alt=\"Foto: Last Rites - Biografia de Ozzy Osbourne\"\/><\/a>Foto: Last Rites &#8211; Biografia de Ozzy Osbourne<\/p>\n<p>Segundo Watt, trabalhar nos dois \u00faltimos \u00e1lbuns de est\u00fadio de Ozzy foi transformador. O m\u00fasico ainda se recuperava do grave acidente dom\u00e9stico sofrido anos antes, e o processo criativo serviu como terapia. &#8220;Foi a primeira vez que percebi que m\u00fasica \u00e9 mais do que can\u00e7\u00f5es. Era dar a ele um prop\u00f3sito quando n\u00e3o estava bem. Faz\u00ea-lo rir, cantar, dan\u00e7ar, se curar. Esses discos mudaram tudo para mim&#8221;, contou.<\/p>\n<p>CONTINUA DEPOIS DA PUBLICIDADE &#8211; GOO<\/p>\n<p>&#13;<br \/>\n&#13;<br \/>\n&#13;<br \/>\n&#13;<br \/>\n<a href=\"https:\/\/whiplash.net\/materias\/whiplash\/027002.html\" rel=\"nofollow noopener\" target=\"_blank\"><img decoding=\"async\" src=\"https:\/\/www.europesays.com\/pt\/wp-content\/uploads\/2025\/09\/1759243690_707_anunciar_diabo_336x280.gif\" loading=\"lazy\" width=\"336\" height=\"280\" alt=\"Anunciar no Whiplash.Net\"\/><\/a>&#13;<br \/>\n&#13;<br \/>\n&#13;<br \/>\n&#13;<br \/>\n&#13;<br \/>\n&#13;<br \/>\n<a href=\"https:\/\/whiplash.net\/materias\/whiplash\/027002.html\" rel=\"nofollow noopener\" target=\"_blank\"><img decoding=\"async\" src=\"https:\/\/www.europesays.com\/pt\/wp-content\/uploads\/2025\/09\/1759243690_707_anunciar_diabo_336x280.gif\" loading=\"lazy\" width=\"336\" height=\"280\" class=\"widthConstrained\" style=\"background-color:#000000;display:block;\" alt=\"Anunciar bandas e shows de Rock e Heavy Metal\"\/><\/a>&#13;<\/p>\n<p>Watt tamb\u00e9m destacou como Ozzy acreditou em seu talento: &#8220;Ele me viu como produtor de \u00e1lbuns completos, algo que eu ainda n\u00e3o fazia. Acreditou em mim, deixou eu tocar <a href=\"https:\/\/whiplash.net\/temas\/i\/instrumentos.html\" class=\"hotwords\" rel=\"nofollow noopener\" target=\"_blank\">guitarra<\/a> nos discos dele. Era um sonho. Mais que tudo, eu sinto falta das risadas. Ele era a pessoa mais engra\u00e7ada de todos os tempos&#8221;.<\/p>\n<p>O produtor revelou ainda que Ozzy o ensinou a prestar mais aten\u00e7\u00e3o na mixagem, especialmente no papel do baixo: &#8220;Ele sempre dizia: &#8216;Escute o <a href=\"https:\/\/whiplash.net\/bandas\/l\/ledzeppelin.html\" class=\"hotwords\" rel=\"nofollow noopener\" target=\"_blank\">Led Zeppelin<\/a> e me diga o que \u00e9 mais alto&#8217;. Eu respondia &#8216;a bateria&#8217;, mas ele dizia: &#8216;N\u00e3o, \u00e9 o baixo&#8217;. Para ele, o baixo era o elo entre <a href=\"https:\/\/whiplash.net\/temas\/i\/instrumentos.html\" class=\"hotwords\" rel=\"nofollow noopener\" target=\"_blank\">guitarra<\/a> e bateria, o que deixava a m\u00fasica realmente pesada&#8221;.<\/p>\n<p>Watt tamb\u00e9m esteve em Birmingham no \u00faltimo grande evento do vocalista: o show Back to the Beginning, realizado em 5 de julho de 2025, que reuniu nomes hist\u00f3ricos da carreira de Ozzy. &#8220;Foi como um acampamento de ver\u00e3o do heavy metal. Estava todo mundo l\u00e1, at\u00e9 Jake E. Lee, que n\u00e3o o via h\u00e1 30 anos. Teve at\u00e9 sess\u00e3o de fotos com Ross Halfin, entre provoca\u00e7\u00f5es e risadas. Foi incr\u00edvel estar com Sharon, Jack, Kelly\u2026 Na v\u00e9spera do show, jantei com Sharon e depois ficamos horas no quarto com Ozzy. \u00c9 dif\u00edcil falar sobre isso&#8221;, lembrou emocionado.<\/p>\n<p>CONTINUA DEPOIS DA PUBLICIDADE &#8211; CLI<\/p>\n<p>&#13;<br \/>\n&#13;<br \/>\n&#13;<br \/>\n&#13;<br \/>\n&#13;<br \/>\n&#13;<br \/>\n&#13;<br \/>\n&#13;<br \/>\n<a href=\"https:\/\/whiplash.net\/materias\/whiplash\/027002.html\" rel=\"nofollow noopener\" target=\"_blank\"><img decoding=\"async\" src=\"https:\/\/www.europesays.com\/pt\/wp-content\/uploads\/2025\/09\/1759243690_707_anunciar_diabo_336x280.gif\" loading=\"lazy\" width=\"336\" height=\"280\" class=\"widthConstrained\" style=\"background-color:#000000;display:block;\" alt=\"Anunciar bandas e shows de Rock e Heavy Metal\"\/><\/a>&#13;<\/p>\n","protected":false},"excerpt":{"rendered":"A morte de Ozzy Osbourne, ocorrida em julho de 2025, continua gerando homenagens e depoimentos emocionados de amigos,&hellip;\n","protected":false},"author":2,"featured_media":32385,"comment_status":"","ping_status":"","sticky":false,"template":"","format":"standard","meta":{"footnotes":""},"categories":[141],"tags":[114,115,149,150,32,33],"class_list":{"0":"post-95001","1":"post","2":"type-post","3":"status-publish","4":"format-standard","5":"has-post-thumbnail","7":"category-musica","8":"tag-entertainment","9":"tag-entretenimento","10":"tag-music","11":"tag-musica","12":"tag-portugal","13":"tag-pt"},"share_on_mastodon":{"url":"","error":""},"_links":{"self":[{"href":"https:\/\/www.europesays.com\/pt\/wp-json\/wp\/v2\/posts\/95001","targetHints":{"allow":["GET"]}}],"collection":[{"href":"https:\/\/www.europesays.com\/pt\/wp-json\/wp\/v2\/posts"}],"about":[{"href":"https:\/\/www.europesays.com\/pt\/wp-json\/wp\/v2\/types\/post"}],"author":[{"embeddable":true,"href":"https:\/\/www.europesays.com\/pt\/wp-json\/wp\/v2\/users\/2"}],"replies":[{"embeddable":true,"href":"https:\/\/www.europesays.com\/pt\/wp-json\/wp\/v2\/comments?post=95001"}],"version-history":[{"count":0,"href":"https:\/\/www.europesays.com\/pt\/wp-json\/wp\/v2\/posts\/95001\/revisions"}],"wp:featuredmedia":[{"embeddable":true,"href":"https:\/\/www.europesays.com\/pt\/wp-json\/wp\/v2\/media\/32385"}],"wp:attachment":[{"href":"https:\/\/www.europesays.com\/pt\/wp-json\/wp\/v2\/media?parent=95001"}],"wp:term":[{"taxonomy":"category","embeddable":true,"href":"https:\/\/www.europesays.com\/pt\/wp-json\/wp\/v2\/categories?post=95001"},{"taxonomy":"post_tag","embeddable":true,"href":"https:\/\/www.europesays.com\/pt\/wp-json\/wp\/v2\/tags?post=95001"}],"curies":[{"name":"wp","href":"https:\/\/api.w.org\/{rel}","templated":true}]}}