{"id":95030,"date":"2025-10-01T21:23:48","date_gmt":"2025-10-01T21:23:48","guid":{"rendered":"https:\/\/www.europesays.com\/pt\/95030\/"},"modified":"2025-10-01T21:23:48","modified_gmt":"2025-10-01T21:23:48","slug":"pai-que-raptou-filho-alimentava-crianca-com-batatas-fritas-de-pacote","status":"publish","type":"post","link":"https:\/\/www.europesays.com\/pt\/95030\/","title":{"rendered":"Pai que raptou filho alimentava crian\u00e7a com batatas fritas de pacote"},"content":{"rendered":"<p>Apesar de andar visivelmente subnutrido e vestindo roupa do pai conhecido por ser toxicodependente, os vizinhos da habita\u00e7\u00e3o que o homem ocupava ilegalmente n\u00e3o desconfiavam do crime. Outros nunca chegaram sequer a ver a crian\u00e7a, mas aqueles que conviveram com ela garantiram \u00e0 reportagem do JN que n\u00e3o viam o filho maltratado.<\/p>\n<p data-remotead-prev-elm=\"true\" data-remotead-elm-id=\"inread\">&#8220;Ele ia ao caf\u00e9 e ele dava-lhe de comer, mas nunca suspeitei de nada&#8221;, notou um popular, enquanto outro explica que o pai garantia nas redondezas que o filho estava escolarizado e que tinha acabado de entrar no 5\u00ba ano.<\/p>\n<p><img decoding=\"async\" class=\"ngx-body\" guid=\"7d3b0886-2953-4fe9-9055-1f9d91785926\" src=\"https:\/\/www.europesays.com\/pt\/wp-content\/uploads\/2025\/10\/1759353827_839_image.jpg\" width=\"100%\"\/><\/p>\n<p data-remotead-prev-elm=\"true\" data-remotead-elm-id=\"centro1\">Foto: DR<\/p>\n<p>Pelo que apur\u00e1mos, em julho, o pai levava o filho a almo\u00e7ar num restaurante pr\u00f3ximo do casebre, mas j\u00e1 h\u00e1 v\u00e1rias semanas que deixaram de l\u00e1 ir. Tudo indica que o pai tivesse ficado sem dinheiro para pagar as refei\u00e7\u00f5es. Passou a frequentar um caf\u00e9, onde alimentava o filho com sacos de batatas fritas.<\/p>\n<p data-remotead-prev-elm=\"true\" data-remotead-elm-id=\"centro2\">Recorde-se que a PJ de Braga localizou a crian\u00e7a na segunda-feira, em cumprimento de uma ordem judicial emitida pelo Tribunal Fam\u00edlia e Menores de Guimar\u00e3es.<\/p>\n<p>&#8220;O menor e o pai estavam, desde julho, em paradeiro desconhecido, havendo claros indicadores de que o progenitor tentava ocultar a localiza\u00e7\u00e3o do menor. Nesse sentido, cessou a sua presen\u00e7a online e desligou o telem\u00f3vel, n\u00e3o mantendo tamb\u00e9m quaisquer contactos com os seus familiares mais pr\u00f3ximos&#8221;, adiantou a PJ.<\/p>\n<p data-remotead-prev-elm=\"true\" data-remotead-elm-id=\"centro3\"><img decoding=\"async\" class=\"ngx-body\" guid=\"11134c2b-41cd-45d3-96ef-4891a77dd47c\" src=\"https:\/\/www.europesays.com\/pt\/wp-content\/uploads\/2025\/10\/1759353828_610_image.jpg\" width=\"100%\"\/><\/p>\n<p>Foto: DR<\/p>\n<p data-remotead-prev-elm=\"true\" data-remotead-elm-id=\"centro4\">Apesar do que garantia o pai aos vizinhos do casebre, a crian\u00e7a n\u00e3o compareceu \u00e0s aulas no in\u00edcio do ano letivo e a PJ intensificou dilig\u00eancias na zona de Del\u00e3es, onde o pai j\u00e1 tinha vivido.<\/p>\n<p>&#8220;O menor foi encontrado com o pai, em condi\u00e7\u00f5es manifestamente insalubres, envergando vestu\u00e1rio pertencente ao progenitor. Apresentava m\u00faltiplas les\u00f5es compat\u00edveis com picadas dispersas em v\u00e1rias zonas do corpo e evidenciava n\u00e3o ter tido qualquer cuidado de higiene, h\u00e1 muito tempo&#8221;, explicou ainda a PJ que sublinhou o facto de n\u00e3o existir qualquer tipo de comida no casebre.<\/p>\n<p data-remotead-prev-elm=\"true\" data-remotead-elm-id=\"centro5\">O menor foi entregue \u00e0 m\u00e3e, enquanto o pai foi formalmente identificado pelas autoridades.<\/p>\n","protected":false},"excerpt":{"rendered":"Apesar de andar visivelmente subnutrido e vestindo roupa do pai conhecido por ser toxicodependente, os vizinhos da habita\u00e7\u00e3o&hellip;\n","protected":false},"author":2,"featured_media":95031,"comment_status":"","ping_status":"","sticky":false,"template":"","format":"standard","meta":{"footnotes":""},"categories":[10],"tags":[27,28,5879,15,16,14,603,25,26,21,22,12,13,19,20,21745,32,23,24,33,22998,17,18,29,30,31],"class_list":{"0":"post-95030","1":"post","2":"type-post","3":"status-publish","4":"format-standard","5":"has-post-thumbnail","7":"category-portugal","8":"tag-breaking-news","9":"tag-breakingnews","10":"tag-famalicao","11":"tag-featured-news","12":"tag-featurednews","13":"tag-headlines","14":"tag-justica","15":"tag-latest-news","16":"tag-latestnews","17":"tag-main-news","18":"tag-mainnews","19":"tag-news","20":"tag-noticias","21":"tag-noticias-principais","22":"tag-noticiasprincipais","23":"tag-pj-de-braga","24":"tag-portugal","25":"tag-principais-noticias","26":"tag-principaisnoticias","27":"tag-pt","28":"tag-rapto-parental","29":"tag-top-stories","30":"tag-topstories","31":"tag-ultimas","32":"tag-ultimas-noticias","33":"tag-ultimasnoticias"},"share_on_mastodon":{"url":"","error":""},"_links":{"self":[{"href":"https:\/\/www.europesays.com\/pt\/wp-json\/wp\/v2\/posts\/95030","targetHints":{"allow":["GET"]}}],"collection":[{"href":"https:\/\/www.europesays.com\/pt\/wp-json\/wp\/v2\/posts"}],"about":[{"href":"https:\/\/www.europesays.com\/pt\/wp-json\/wp\/v2\/types\/post"}],"author":[{"embeddable":true,"href":"https:\/\/www.europesays.com\/pt\/wp-json\/wp\/v2\/users\/2"}],"replies":[{"embeddable":true,"href":"https:\/\/www.europesays.com\/pt\/wp-json\/wp\/v2\/comments?post=95030"}],"version-history":[{"count":0,"href":"https:\/\/www.europesays.com\/pt\/wp-json\/wp\/v2\/posts\/95030\/revisions"}],"wp:featuredmedia":[{"embeddable":true,"href":"https:\/\/www.europesays.com\/pt\/wp-json\/wp\/v2\/media\/95031"}],"wp:attachment":[{"href":"https:\/\/www.europesays.com\/pt\/wp-json\/wp\/v2\/media?parent=95030"}],"wp:term":[{"taxonomy":"category","embeddable":true,"href":"https:\/\/www.europesays.com\/pt\/wp-json\/wp\/v2\/categories?post=95030"},{"taxonomy":"post_tag","embeddable":true,"href":"https:\/\/www.europesays.com\/pt\/wp-json\/wp\/v2\/tags?post=95030"}],"curies":[{"name":"wp","href":"https:\/\/api.w.org\/{rel}","templated":true}]}}