{"id":95399,"date":"2025-10-02T06:08:35","date_gmt":"2025-10-02T06:08:35","guid":{"rendered":"https:\/\/www.europesays.com\/pt\/95399\/"},"modified":"2025-10-02T06:08:35","modified_gmt":"2025-10-02T06:08:35","slug":"diana-chaves-elege-conjunto-da-mango-que-ja-e-tendencia-para-este-outono","status":"publish","type":"post","link":"https:\/\/www.europesays.com\/pt\/95399\/","title":{"rendered":"Diana Chaves elege conjunto da Mango que j\u00e1 \u00e9 tend\u00eancia para este outono"},"content":{"rendered":"<p>H\u00e1 dias em que nos apetece criar grandes looks e outros em que queremos apenas estar bem vestidos sem grande esfor\u00e7o. Para esses momentos, n\u00e3o h\u00e1 nada melhor do que conjuntos. S\u00e3o op\u00e7\u00f5es f\u00e1ceis que dispensam grandes decis\u00f5es, mas garantem automaticamente um ar cuidado.<\/p>\n<p>Recentemente, cruz\u00e1mo-nos com uma publica\u00e7\u00e3o nas redes sociais em que o programa Casa Feliz recordava alguns dos melhores looks de <a href=\"https:\/\/versa.iol.pt\/diana-chaves\/jeans\/que-jeans-vao-dominar-as-tendencias-diana-chaves-aponta-para-a-salsa\/20250927\/68d66229d34ee0c2fed09178\" rel=\"nofollow noopener\" target=\"_blank\">Diana Chaves<\/a>, juntamente com um personagem da apresentadora feito por Intelig\u00eancia Artificial. O que realmente nos chamou a aten\u00e7\u00e3o foi um dos conjuntos usado pela apresentadora, umas cal\u00e7as e top que se destacaram, sobretudo, pela cor. Num tom entre amarelo e verde lima, tornou-se imposs\u00edvel passar despercebido.<\/p>\n<p>E n\u00e3o \u00e9 por acaso. Seja pelas semanas de moda internacionais, seja pelas escolhas de celebridades, influencers e at\u00e9 caras conhecidas portuguesas, a verdade \u00e9 que este <a href=\"https:\/\/versa.iol.pt\/coolhunting\/laranja\/cor-inesperada-torna-se-estrela-em-dias-frios-mais-de-50-pecas-tendencia-temos\/20250913\/68c17758d34ee0c2fecfe7eb\" rel=\"nofollow noopener\" target=\"_blank\">outono e inverno prometem ser esta\u00e7\u00f5es cheias de cores vivas, longe dos tons tradicionalmente associados ao frio<\/a>. J\u00e1 vimos o <a href=\"https:\/\/versa.iol.pt\/parfois\/tendencias\/sim-a-cor-tendencia-foi-escolhida-e-os-saldos-parfois-tem-a-peca-deste-verao\/20250817\/689dac61d34ef72ee4496e68\" rel=\"nofollow noopener\" target=\"_blank\">laranja e o azul<\/a> em destaque, e tendo em conta que o <a href=\"https:\/\/versa.iol.pt\/moda\/zara\/o-mundo-parou-por-culpa-deste-vestido-zara-o-que-explica-o-sucesso\/20250322\/67dc3b1ed34ef72ee443af40\" rel=\"nofollow noopener\" target=\"_blank\">amarelo foi uma das cores do ano, tudo indica que vai continuar firme<\/a>.<\/p>\n<p>Al\u00e9m da cor, h\u00e1 outro detalhe que confirma o lado trendy do visual de Diana Chaves: as riscas. Foi uma das <a href=\"https:\/\/versa.iol.pt\/semana-da-moda-de-nova-iorque\/moda\/tendencias-para-2026-os-grandes-destaques-na-semana-da-moda-de-nova-iorque\/20250917\/68cad51fd34e58bc6795daea\" rel=\"nofollow noopener\" target=\"_blank\">grandes tend\u00eancias que vimos desfilar nas semanas de moda<\/a> e que, claramente, vai marcar<a href=\"https:\/\/versa.iol.pt\/ana-guiomar\/azul\/ana-guiomar-antecipa-tendencia-com-camisa-que-nos-leva-a-zara-e-nao-so\/20250920\/68cd6e9ad34e58bc6795f218\" rel=\"nofollow noopener\" target=\"_blank\"> tamb\u00e9m o guarda-roupa de outono<\/a>.<\/p>\n<p>O conjunto da apresentadora \u00e9 composto por um top \u00e0s riscas com bot\u00f5es (\u20ac29,99), dispon\u00edvel na Mango, e por umas cal\u00e7as retas de fato, igualmente \u00e0s riscas (\u20ac35,99). Um look imediato, fresco, colorido e que j\u00e1 entrou para a nossa lista de favoritos.<\/p>\n<p>Se tamb\u00e9m te rendeste ao conjunto tend\u00eancia de Diana Chaves, espreita a galeria de imagens para descobrires estas e outras pe\u00e7as coloridas que v\u00e3o inspirar os teus looks de outono.<\/p>\n","protected":false},"excerpt":{"rendered":"H\u00e1 dias em que nos apetece criar grandes looks e outros em que queremos apenas estar bem vestidos&hellip;\n","protected":false},"author":2,"featured_media":95400,"comment_status":"","ping_status":"","sticky":false,"template":"","format":"standard","meta":{"footnotes":""},"categories":[85],"tags":[1081,11427,204,13986,114,115,754,186,5873,1079,32,33,2351,1078,1080],"class_list":{"0":"post-95399","1":"post","2":"type-post","3":"status-publish","4":"format-standard","5":"has-post-thumbnail","7":"category-entretenimento","8":"tag-beleza","9":"tag-conjunto","10":"tag-design","11":"tag-diana-chaves","12":"tag-entertainment","13":"tag-entretenimento","14":"tag-gastronomia","15":"tag-lifestyle","16":"tag-mango","17":"tag-moda","18":"tag-portugal","19":"tag-pt","20":"tag-tendencias","21":"tag-versa","22":"tag-viagens"},"share_on_mastodon":{"url":"","error":""},"_links":{"self":[{"href":"https:\/\/www.europesays.com\/pt\/wp-json\/wp\/v2\/posts\/95399","targetHints":{"allow":["GET"]}}],"collection":[{"href":"https:\/\/www.europesays.com\/pt\/wp-json\/wp\/v2\/posts"}],"about":[{"href":"https:\/\/www.europesays.com\/pt\/wp-json\/wp\/v2\/types\/post"}],"author":[{"embeddable":true,"href":"https:\/\/www.europesays.com\/pt\/wp-json\/wp\/v2\/users\/2"}],"replies":[{"embeddable":true,"href":"https:\/\/www.europesays.com\/pt\/wp-json\/wp\/v2\/comments?post=95399"}],"version-history":[{"count":0,"href":"https:\/\/www.europesays.com\/pt\/wp-json\/wp\/v2\/posts\/95399\/revisions"}],"wp:featuredmedia":[{"embeddable":true,"href":"https:\/\/www.europesays.com\/pt\/wp-json\/wp\/v2\/media\/95400"}],"wp:attachment":[{"href":"https:\/\/www.europesays.com\/pt\/wp-json\/wp\/v2\/media?parent=95399"}],"wp:term":[{"taxonomy":"category","embeddable":true,"href":"https:\/\/www.europesays.com\/pt\/wp-json\/wp\/v2\/categories?post=95399"},{"taxonomy":"post_tag","embeddable":true,"href":"https:\/\/www.europesays.com\/pt\/wp-json\/wp\/v2\/tags?post=95399"}],"curies":[{"name":"wp","href":"https:\/\/api.w.org\/{rel}","templated":true}]}}