{"id":95534,"date":"2025-10-02T09:08:07","date_gmt":"2025-10-02T09:08:07","guid":{"rendered":"https:\/\/www.europesays.com\/pt\/95534\/"},"modified":"2025-10-02T09:08:07","modified_gmt":"2025-10-02T09:08:07","slug":"goncalo-confronta-aruna-sentes-alguma-coisa-pelo-virgilio-novelas","status":"publish","type":"post","link":"https:\/\/www.europesays.com\/pt\/95534\/","title":{"rendered":"Gon\u00e7alo confronta Aruna: \u00abSentes alguma coisa pelo Virg\u00edlio?\u00bb &#8211; Novelas"},"content":{"rendered":"<p>Em \u00abA Protegida\u00bb, Aruna (Noua Wong) vai ter com Gon\u00e7alo (Jo\u00e3o Bettencourt), mas ele n\u00e3o quer falar com ela. Aruna pede-lhe desculpa por n\u00e3o ter contado tudo, mas jura que n\u00e3o se passou nada e que s\u00f3 fez o que fez para ajudar Virg\u00edlio (Diogo Morgado) a deixar a droga. Gon\u00e7alo n\u00e3o consegue entender e s\u00f3 quer saber se ela sente alguma coisa por Virg\u00edlio ou n\u00e3o. Aruna olha-o infeliz.<\/p>\n","protected":false},"excerpt":{"rendered":"Em \u00abA Protegida\u00bb, Aruna (Noua Wong) vai ter com Gon\u00e7alo (Jo\u00e3o Bettencourt), mas ele n\u00e3o quer falar com&hellip;\n","protected":false},"author":2,"featured_media":95535,"comment_status":"","ping_status":"","sticky":false,"template":"","format":"standard","meta":{"footnotes":""},"categories":[142],"tags":[168,160,166,114,115,157,167,164,161,158,165,159,32,33,156,163,151,162],"class_list":{"0":"post-95534","1":"post","2":"type-post","3":"status-publish","4":"format-standard","5":"has-post-thumbnail","7":"category-tv","8":"tag-a-protegida","9":"tag-ana-guiomar","10":"tag-cristina-ferreira","11":"tag-entertainment","12":"tag-entretenimento","13":"tag-festa-e-festa","14":"tag-ficcao","15":"tag-jose-fidalgo","16":"tag-novelas","17":"tag-para-sempre","18":"tag-pedro-sousa","19":"tag-pedro-teixeira","20":"tag-portugal","21":"tag-pt","22":"tag-queridos-papas","23":"tag-tiago-teotonio-pereira","24":"tag-tv","25":"tag-tvi"},"share_on_mastodon":{"url":"","error":""},"_links":{"self":[{"href":"https:\/\/www.europesays.com\/pt\/wp-json\/wp\/v2\/posts\/95534","targetHints":{"allow":["GET"]}}],"collection":[{"href":"https:\/\/www.europesays.com\/pt\/wp-json\/wp\/v2\/posts"}],"about":[{"href":"https:\/\/www.europesays.com\/pt\/wp-json\/wp\/v2\/types\/post"}],"author":[{"embeddable":true,"href":"https:\/\/www.europesays.com\/pt\/wp-json\/wp\/v2\/users\/2"}],"replies":[{"embeddable":true,"href":"https:\/\/www.europesays.com\/pt\/wp-json\/wp\/v2\/comments?post=95534"}],"version-history":[{"count":0,"href":"https:\/\/www.europesays.com\/pt\/wp-json\/wp\/v2\/posts\/95534\/revisions"}],"wp:featuredmedia":[{"embeddable":true,"href":"https:\/\/www.europesays.com\/pt\/wp-json\/wp\/v2\/media\/95535"}],"wp:attachment":[{"href":"https:\/\/www.europesays.com\/pt\/wp-json\/wp\/v2\/media?parent=95534"}],"wp:term":[{"taxonomy":"category","embeddable":true,"href":"https:\/\/www.europesays.com\/pt\/wp-json\/wp\/v2\/categories?post=95534"},{"taxonomy":"post_tag","embeddable":true,"href":"https:\/\/www.europesays.com\/pt\/wp-json\/wp\/v2\/tags?post=95534"}],"curies":[{"name":"wp","href":"https:\/\/api.w.org\/{rel}","templated":true}]}}