{"id":95549,"date":"2025-10-02T09:18:35","date_gmt":"2025-10-02T09:18:35","guid":{"rendered":"https:\/\/www.europesays.com\/pt\/95549\/"},"modified":"2025-10-02T09:18:35","modified_gmt":"2025-10-02T09:18:35","slug":"estas-gravida-catarina-miranda-da-grande-novidade-a-cristina-ferreira-dois-as-10","status":"publish","type":"post","link":"https:\/\/www.europesays.com\/pt\/95549\/","title":{"rendered":"\u00abEst\u00e1s gr\u00e1vida?\u00bb: Catarina Miranda d\u00e1 grande novidade a Cristina Ferreira &#8211; Dois \u00e0s 10"},"content":{"rendered":"<p>                        Catarina Miranda regressou ao &#8220;Dois \u00e0s 10&#8221; para mostrar os dotes culin\u00e1rios com uma receita de bacalhau \u00e0 Br\u00e1s e acabou por revelar, em conversa com Cristina Ferreira, uma novidade: vai participar na estreia do novo programa da TVI, &#8220;Momento Certo&#8221;.<\/p>\n<p data-end=\"521\" data-start=\"203\"><strong data-end=\"519\" data-start=\"203\">Catarina Miranda voltou ao programa &#8220;Dois \u00e0s 10&#8221;, esta segunda-feira, para preparar uma receita de bacalhau \u00e0 Br\u00e1s e partilhar algumas novidades sobre a vida ap\u00f3s o &#8220;Big Brother \u2013 Ver\u00e3o&#8221;. Entre risos e surpresas, a ex-concorrente revelou que far\u00e1 parte da estreia do novo formato da TVI, &#8220;Momento Certo&#8221;.<\/strong><\/p>\n<p data-end=\"701\" data-start=\"523\">Durante a conversa com Cristina Ferreira, Catarina come\u00e7ou por deixar no ar que tinha algo importante para partilhar. A apresentadora, em tom divertido, questionou de imediato:\u00a0<strong>\u00abEst\u00e1s gr\u00e1vida?\u00bb<\/strong><\/p>\n<p data-end=\"789\" data-start=\"724\">Entre gargalhadas, Catarina negou e revelou, ent\u00e3o, a novidade: <strong>\u00abVou estar na estreia do novo programa da TVI, o \u2018Momento Certo\u2019, apresentado pelo Jo\u00e3o Patr\u00edcio.\u00bb<\/strong><\/p>\n<p data-end=\"1142\" data-start=\"894\">Al\u00e9m da surpresa televisiva, a jovem falou ainda sobre a rela\u00e7\u00e3o com Afonso Leit\u00e3o, tamb\u00e9m ex-concorrente do reality show. Catarina confessou que ambos est\u00e3o a construir a liga\u00e7\u00e3o fora das c\u00e2maras, num processo natural e longe da press\u00e3o do jogo.<\/p>\n","protected":false},"excerpt":{"rendered":"Catarina Miranda regressou ao &#8220;Dois \u00e0s 10&#8221; para mostrar os dotes culin\u00e1rios com uma receita de bacalhau \u00e0&hellip;\n","protected":false},"author":2,"featured_media":95550,"comment_status":"","ping_status":"","sticky":false,"template":"","format":"standard","meta":{"footnotes":""},"categories":[8],"tags":[2031,48,27,28,342,329,166,3412,3406,3409,801,3410,3411,3407,3408,15,16,14,25,26,21,22,3413,338,12,13,19,20,32,23,24,33,1014,17,18,29,30,31],"class_list":{"0":"post-95549","1":"post","2":"type-post","3":"status-publish","4":"format-standard","5":"has-post-thumbnail","7":"category-principais-noticias","8":"tag-afonso-leitao","9":"tag-big-brother","10":"tag-breaking-news","11":"tag-breakingnews","12":"tag-catarina-miranda","13":"tag-claudio-ramos","14":"tag-cristina-ferreira","15":"tag-dois-10","16":"tag-dois-a-s-10-dois-a-s-10","17":"tag-dois-a-s-dez","18":"tag-dois-as-10","19":"tag-dois-as-dez","20":"tag-dois-dez","21":"tag-doisas10","22":"tag-doisasdez","23":"tag-featured-news","24":"tag-featurednews","25":"tag-headlines","26":"tag-latest-news","27":"tag-latestnews","28":"tag-main-news","29":"tag-mainnews","30":"tag-manha-tvi","31":"tag-maria-botelho-moniz","32":"tag-news","33":"tag-noticias","34":"tag-noticias-principais","35":"tag-noticiasprincipais","36":"tag-portugal","37":"tag-principais-noticias","38":"tag-principaisnoticias","39":"tag-pt","40":"tag-reality-show","41":"tag-top-stories","42":"tag-topstories","43":"tag-ultimas","44":"tag-ultimas-noticias","45":"tag-ultimasnoticias"},"share_on_mastodon":{"url":"","error":""},"_links":{"self":[{"href":"https:\/\/www.europesays.com\/pt\/wp-json\/wp\/v2\/posts\/95549","targetHints":{"allow":["GET"]}}],"collection":[{"href":"https:\/\/www.europesays.com\/pt\/wp-json\/wp\/v2\/posts"}],"about":[{"href":"https:\/\/www.europesays.com\/pt\/wp-json\/wp\/v2\/types\/post"}],"author":[{"embeddable":true,"href":"https:\/\/www.europesays.com\/pt\/wp-json\/wp\/v2\/users\/2"}],"replies":[{"embeddable":true,"href":"https:\/\/www.europesays.com\/pt\/wp-json\/wp\/v2\/comments?post=95549"}],"version-history":[{"count":0,"href":"https:\/\/www.europesays.com\/pt\/wp-json\/wp\/v2\/posts\/95549\/revisions"}],"wp:featuredmedia":[{"embeddable":true,"href":"https:\/\/www.europesays.com\/pt\/wp-json\/wp\/v2\/media\/95550"}],"wp:attachment":[{"href":"https:\/\/www.europesays.com\/pt\/wp-json\/wp\/v2\/media?parent=95549"}],"wp:term":[{"taxonomy":"category","embeddable":true,"href":"https:\/\/www.europesays.com\/pt\/wp-json\/wp\/v2\/categories?post=95549"},{"taxonomy":"post_tag","embeddable":true,"href":"https:\/\/www.europesays.com\/pt\/wp-json\/wp\/v2\/tags?post=95549"}],"curies":[{"name":"wp","href":"https:\/\/api.w.org\/{rel}","templated":true}]}}