{"id":95598,"date":"2025-10-02T10:26:14","date_gmt":"2025-10-02T10:26:14","guid":{"rendered":"https:\/\/www.europesays.com\/pt\/95598\/"},"modified":"2025-10-02T10:26:14","modified_gmt":"2025-10-02T10:26:14","slug":"i3s-descobre-novo-alvo-terapeutico-para-combater-doenca-de-alzheimer","status":"publish","type":"post","link":"https:\/\/www.europesays.com\/pt\/95598\/","title":{"rendered":"i3S descobre novo alvo terap\u00eautico para combater Doen\u00e7a de Alzheimer"},"content":{"rendered":"<p>&#13;<\/p>\n<p>\t\t\t\t\t\t\t\t\t\t\tEquipa descobriu que restaurar o transporte e a concentra\u00e7\u00e3o da vitamina C, deficit\u00e1ria em c\u00e9lulas cerebrais de doentes com Alzheimer, pode ser importante para atrasar o in\u00edcio e o avan\u00e7o da doen\u00e7a.\t\t\t\t\t\t\t\t\t\t\t\t\t\t\t\t\t<\/p>\n<p>Camila Portugal, Jo\u00e3o Relvas e Renato Socodato assinam a descoberta agora publicada na revista \u00abRedox Biology\u00bb. Foto: DR<\/p>\n<p>\t\t\t\t&#13;<br \/>\n&#13;<br \/>\n\t\t\t&#13;<\/p>\n<p>Uma equipa de cientistas do <strong>Instituto de Investiga\u00e7\u00e3o e Inova\u00e7\u00e3o em Sa\u00fade da Universidade do Porto (i3S)<\/strong>, descobriu que o transporte e consequente normaliza\u00e7\u00e3o da concentra\u00e7\u00e3o da vitamina C dentro das c\u00e9lulas da microglia \u2013 o \u201csistema imunit\u00e1rio do c\u00e9rebro\u201d \u2013 em modelos pr\u00e9-cl\u00ednicos da doen\u00e7a de Alzheimer, restabelece o funcionamento normal destas c\u00e9lulas e atrasa o in\u00edcio e a progress\u00e3o da doen\u00e7a. O estudo foi publicado na prestigiada revista <a href=\"https:\/\/www.sciencedirect.com\/science\/article\/pii\/S2213231725003647?via%3Dihub\" rel=\"nofollow noopener\" target=\"_blank\">Redox Biology<\/a>.<\/p>\n<p>A vitamina C \u00e9 essencial para o normal funcionamento do c\u00e9rebro, atuando como um poderoso antioxidante que protege os neur\u00f3nios e as c\u00e9lulas da glia, incluindo as da microglia. A vitamina C \u00e9 captada na forma de ascorbato atrav\u00e9s de um transportador espec\u00edfico (o SVCT2) para dentro das c\u00e9lulas de microglia, que funcionam como o sistema imunit\u00e1rio do c\u00e9rebro e s\u00e3o importantes para o seu desenvolvimento, manuten\u00e7\u00e3o e resposta a traumas ou doen\u00e7as. A disfun\u00e7\u00e3o microglial pode desempenhar um papel central no desencadear e\/ou na progress\u00e3o de muitas doen\u00e7as neurol\u00f3gicas, incluindo a Doen\u00e7a de Alzheimer e de Parkinson.<\/p>\n<p>Durante o envelhecimento, e em contextos de patologia como na Doen\u00e7a de Alzheimer (DA), os n\u00edveis de vitamina C no c\u00e9rebro diminuem e n\u00e3o conseguem ser repostos adequadamente nem por suplementa\u00e7\u00e3o oral nem por via endovenosa. Isto sugere uma perda de efici\u00eancia na capacidade de transporte da vitamina C para dentro das c\u00e9lulas da microglia e foi precisamente isso que a equipa do i3S demonstrou com este trabalho: \u201cVerific\u00e1mos que em modelos animais com Doen\u00e7a de Alzheimer o transportador espec\u00edfico da vitamina C est\u00e1 muito diminu\u00eddo\u201d.<\/p>\n<p>Mas isso n\u00e3o se verifica apenas em modelos pr\u00e9-cl\u00ednicos, sublinha <strong>Jo\u00e3o Relvas<\/strong>, l\u00edder do grupo que desenvolveu esta investiga\u00e7\u00e3o no i3S e professor da Faculdade de Medicina da U.Porto (FMUP): \u201cResultados mais recentes do nosso laborat\u00f3rio, em colabora\u00e7\u00e3o com o Banco Portugu\u00eas de C\u00e9rebros , e ainda n\u00e3o publicados, mostram que os n\u00edveis do transportador est\u00e3o tamb\u00e9m reduzidos na microglia de c\u00e9rebros humanos com Doen\u00e7a de Alzheimer, o que eventualmente confere maior relev\u00e2ncia translacional ao estudo agora publicado\u201d.<\/p>\n<p><strong>Camila Portugal<\/strong>, primeira autora do estudo, explica que a equipa conseguiu tamb\u00e9m provar que \u201caumentando a express\u00e3o deste transportador e, consequentemente, repondo os n\u00edveis de vitamina C na microglia, conseguimos restabelecer o funcionamento normal destas c\u00e9lulas no c\u00e9rebro com Doen\u00e7a de Alzheimer. E, mais importante ainda, os dados indicam que isso parece ser suficiente n\u00e3o s\u00f3 para atrasar o in\u00edcio da doen\u00e7a, mas tamb\u00e9m para atrasar a progress\u00e3o da doen\u00e7a quando esta j\u00e1 come\u00e7ou a manifestar-se\u201d.<\/p>\n<p>\u00a0\u00c0 procura do \u201ctransporte\u201d certo<\/p>\n<p>\u201cOs resultados s\u00e3o claros: este transportador pode ser considerado um alvo terap\u00eautico\u201d, sublinha <strong>Renato Socodato<\/strong>, que integra a equipa do grupo \u00abGlial Cell Biology\u00bb do i3S. \u201cNesta investiga\u00e7\u00e3o recorremos \u00e0 engenharia gen\u00e9tica para aumentar a express\u00e3o do transportador e, consequentemente, a capta\u00e7\u00e3o da vitamina C pela microglia, mas no futuro queremos usar agentes farmacol\u00f3gicos. Idealmente, o doente tomaria um medicamento que aumentaria o n\u00edvel do transportador e a capta\u00e7\u00e3o de vitamina C da microglia, o que conferiria alguma prote\u00e7\u00e3o contra a Doen\u00e7a de Alzheimer\u201d, explica.<\/p>\n<p>Nesse sentido, a equipa est\u00e1 j\u00e1 a trabalhar no pr\u00f3ximo passo: a avaliar milhares de compostos farmacol\u00f3gicos com o objetivo de encontrar uma mol\u00e9cula que possa manter os n\u00edveis adequados do transportador e, consequentemente, de vitamina C dentro das c\u00e9lulas.<\/p>\n<p>Para Jo\u00e3o Relvas, \u201ceste trabalho \u00e9 tamb\u00e9m muito relevante porque demonstra que \u00e9 a capta\u00e7\u00e3o e n\u00e3o a suplementa\u00e7\u00e3o da vitamina C que \u00e9 cr\u00edtica. Ou seja, por mais vitamina C que possamos ingerir, se n\u00e3o tivermos a maquinaria de transporte a funcionar, ela n\u00e3o entra nas c\u00e9lulas da microglia e o seu efeito \u00e9 nulo\u201d.<\/p>\n<p>O investigador adianta ainda ter dados que indicam que a diminui\u00e7\u00e3o do transporte da vitamina C est\u00e1 associada \u00e0 neuroinflama\u00e7\u00e3o noutras doen\u00e7as neurodegenerativas, como por exemplo na Doen\u00e7a de Parkinson, pelo que, garante, \u201cesta abordagem poder\u00e1 eventualmente ser transposta para outras doen\u00e7as e j\u00e1 temos alguns dados experimentais que suportam essa estrat\u00e9gia\u201d.<\/p>\n","protected":false},"excerpt":{"rendered":"&#13; Equipa descobriu que restaurar o transporte e a concentra\u00e7\u00e3o da vitamina C, deficit\u00e1ria em c\u00e9lulas cerebrais de&hellip;\n","protected":false},"author":2,"featured_media":95599,"comment_status":"","ping_status":"","sticky":false,"template":"","format":"standard","meta":{"footnotes":""},"categories":[86],"tags":[314,10660,116,7304,1173,32,33,117],"class_list":{"0":"post-95598","1":"post","2":"type-post","3":"status-publish","4":"format-standard","5":"has-post-thumbnail","7":"category-saude","8":"tag-alzheimer","9":"tag-doencas-neurologicas","10":"tag-health","11":"tag-i3s","12":"tag-investigacao","13":"tag-portugal","14":"tag-pt","15":"tag-saude"},"share_on_mastodon":{"url":"","error":""},"_links":{"self":[{"href":"https:\/\/www.europesays.com\/pt\/wp-json\/wp\/v2\/posts\/95598","targetHints":{"allow":["GET"]}}],"collection":[{"href":"https:\/\/www.europesays.com\/pt\/wp-json\/wp\/v2\/posts"}],"about":[{"href":"https:\/\/www.europesays.com\/pt\/wp-json\/wp\/v2\/types\/post"}],"author":[{"embeddable":true,"href":"https:\/\/www.europesays.com\/pt\/wp-json\/wp\/v2\/users\/2"}],"replies":[{"embeddable":true,"href":"https:\/\/www.europesays.com\/pt\/wp-json\/wp\/v2\/comments?post=95598"}],"version-history":[{"count":0,"href":"https:\/\/www.europesays.com\/pt\/wp-json\/wp\/v2\/posts\/95598\/revisions"}],"wp:featuredmedia":[{"embeddable":true,"href":"https:\/\/www.europesays.com\/pt\/wp-json\/wp\/v2\/media\/95599"}],"wp:attachment":[{"href":"https:\/\/www.europesays.com\/pt\/wp-json\/wp\/v2\/media?parent=95598"}],"wp:term":[{"taxonomy":"category","embeddable":true,"href":"https:\/\/www.europesays.com\/pt\/wp-json\/wp\/v2\/categories?post=95598"},{"taxonomy":"post_tag","embeddable":true,"href":"https:\/\/www.europesays.com\/pt\/wp-json\/wp\/v2\/tags?post=95598"}],"curies":[{"name":"wp","href":"https:\/\/api.w.org\/{rel}","templated":true}]}}