{"id":95630,"date":"2025-10-02T10:58:11","date_gmt":"2025-10-02T10:58:11","guid":{"rendered":"https:\/\/www.europesays.com\/pt\/95630\/"},"modified":"2025-10-02T10:58:11","modified_gmt":"2025-10-02T10:58:11","slug":"papa-aos-fieis-de-lingua-portuguesa-rezar-o-terco-e-ser-missionario-de-paz","status":"publish","type":"post","link":"https:\/\/www.europesays.com\/pt\/95630\/","title":{"rendered":"Papa aos fi\u00e9is de l\u00edngua portuguesa: rezar o ter\u00e7o e ser mission\u00e1rio de paz"},"content":{"rendered":"<p>&#8220;Durante este m\u00eas de outubro, rezando o ter\u00e7o, vamos nos aproximar ainda mais de Nossa Senhora. Ela nos leva sempre ao seu Filho Jesus, que nos d\u00e1 de novo o seu Esp\u00edrito e nos recria, fazendo de n\u00f3s, mission\u00e1rios de paz e miseric\u00f3rdia&#8221;, disse Le\u00e3o XIV aos peregrinos de l\u00edngua portuguesa neste m\u00eas dedicado ao Ros\u00e1rio. Em 11 de outubro est\u00e1 previsto o Ter\u00e7o pela Paz.<\/p>\n<p>\n   Ou\u00e7a a reportagem com a voz do Papa e compartilhe\n  <\/p>\n<p>     <a href=\"https:\/\/www.vaticannews.va\/pt\/papa\/news\/2025-09\/papa-leao-xiv-apelo-audiencia-geral-terco-paz-11-outubro.html\" title=\"Le\u00e3o XIV: Ter\u00e7o pela paz na Pra\u00e7a S\u00e3o Pedro, em 11 de outubro\" rel=\"nofollow noopener\" target=\"_blank\"><\/p>\n<p>        <img decoding=\"async\" src=\"data:image\/gif;base64,R0lGODlhAQABAIAAAAAAAP\/\/\/yH5BAEAAAAALAAAAAABAAEAAAIBRAA7\" data-original=\"https:\/\/www.vaticannews.va\/content\/dam\/vaticannews\/agenzie\/images\/srv\/2025\/09\/24\/2025-09-24-udienza-generale\/1758703087377.JPG\/_jcr_content\/renditions\/cq5dam.thumbnail.cropped.500.281.jpeg\" alt=\"Le\u00e3o XIV: Ter\u00e7o pela paz na Pra\u00e7a S\u00e3o Pedro, em 11 de outubro\"\/><\/p>\n<p>      <\/a><\/p>\n<p>\n      Ao final da Audi\u00eancia Geral, o Papa anunciou a iniciativa de ora\u00e7\u00e3o no dia em que a Igreja recorda S\u00e3o Jo\u00e3o XXIII e no anivers\u00e1rio da abertura do Conc\u00edlio Vaticano II. Convidou &#8230;\n     <\/p>\n<p><b>Andressa Collet &#8211; Vatican News<\/b><\/p>\n<p>Na Audi\u00eancia Geral desta quarta-feira (01\/10), Papa Le\u00e3o XIV voltou a refor\u00e7ar o convite para rezar pela paz neste m\u00eas de outubro, culminando com a iniciativa de ora\u00e7\u00e3o em 11 de outubro, dia em que a Igreja recorda S\u00e3o Jo\u00e3o XXIII, o Papa da Enc\u00edclica Pacem in Terris, e que marca o anivers\u00e1rio da abertura do Conc\u00edlio Vaticano II em 1962, com o famoso &#8220;discurso \u00e0 lua&#8221;, do Papa Roncalli, ao final de um &#8220;grande dia de paz&#8221;. Neste m\u00eas, particularmente dedicado ao Ros\u00e1rio, Le\u00e3o XVI saudou os peregrinos lus\u00f3fonos ao afirmar:<\/p>\n<blockquote>\n<p>\u201cQueridos peregrinos de l\u00edngua portuguesa, sejam bem-vindos. Durante este m\u00eas de outubro, rezando o ter\u00e7o, vamos nos aproximar ainda mais de Nossa Senhora. Ela nos leva sempre ao seu Filho Jesus, que nos d\u00e1 de novo o seu Esp\u00edrito e nos recria, fazendo de n\u00f3s, mission\u00e1rios de paz e miseric\u00f3rdia. O Senhor os aben\u00e7oe!\u201d<\/p>\n<\/blockquote>\n<p>A sauda\u00e7\u00e3o foi dirigida especialmente aos peregrinos provenientes de Portugal, entre aqueles de Braga, da Capelania do Hospital Padre Am\u00e9rico de Penafiel e os catequistas de Reboredo. Do Brasil, o Papa saudou oito grupos que vieram das dioceses de Garanhuns e de Nova Friburgo, do Santu\u00e1rio Bom Pastor de S\u00e3o Paulo e das par\u00f3quias de Nossa Senhora das Gra\u00e7as de S\u00e3o Paulo e de Andradina e tamb\u00e9m daquela da Concei\u00e7\u00e3o de Caconde. Ainda estiveram presentes na Pra\u00e7a S\u00e3o Pedro, grupos das Irm\u00e3s de Santa Doroteia da Frassinetti do Recife e das Irm\u00e3s Gianellinas, de Porto Alegre\/RS.\u00a0<\/p>\n<p>Rezar o ter\u00e7o pela paz no mundo <\/p>\n<p>Aos peregrinos e visitantes de l\u00edngua inglesa, o Papa insistiu: &#8220;ao iniciarmos o m\u00eas dedicado ao Santo Ros\u00e1rio, convido voc\u00eas a rez\u00e1-lo diariamente pela paz em nosso mundo&#8221;. Convite que foi refor\u00e7ado por Le\u00e3o XIV aos fi\u00e9is poloneses presentes na Audi\u00eancia Geral: &#8220;convido voc\u00eas a recitar diariamente o ros\u00e1rio pela paz neste m\u00eas&#8221;. Uma paz tanto desejada por todos, num mundo fragmentado e de divis\u00f5es, como recordou o Pont\u00edfice na sauda\u00e7\u00e3o aos fi\u00e9is de l\u00edngua \u00e1rabe, em especial, aqueles provenientes do L\u00edbano e da Terra Santa: &#8220;os crist\u00e3os s\u00e3o chamados a testemunhar que o amor e o perd\u00e3o s\u00e3o maiores do que qualquer ferida e mais fortes do que qualquer injusti\u00e7a. Que o Senhor os aben\u00e7oe e os proteja sem pre de todo o mal&#8221;, acrescentou o Papa.<\/p>\n<p>Ao final das sauda\u00e7\u00f5es, Le\u00e3o XIV recordou a iniciativa do Ter\u00e7o pela Paz deste m\u00eas de outubro aos peregrinos de l\u00edngua t\u00e2mil, com 2 mil anos de hist\u00f3ria e origin\u00e1ria do sul da \u00cdndia, mas tamb\u00e9m falada na regi\u00e3o nordeste do Sri Lanka:<\/p>\n<p>&#8220;Sa\u00fado os peregrinos e visitantes de l\u00edngua t\u00e2mil que participam da audi\u00eancia de hoje. Ao iniciarmos outubro, o m\u00eas dedicado ao Santo Ros\u00e1rio, convido voc\u00eas a rezar todos os dias o Ter\u00e7o pela Paz em nosso mundo. Que voc\u00eas sejam instrumentos fi\u00e9is de reconcilia\u00e7\u00e3o em suas vidas di\u00e1rias e que a paz de Cristo Ressuscitado esteja com todos voc\u00eas.&#8221;<\/p>\n","protected":false},"excerpt":{"rendered":"&#8220;Durante este m\u00eas de outubro, rezando o ter\u00e7o, vamos nos aproximar ainda mais de Nossa Senhora. Ela nos&hellip;\n","protected":false},"author":2,"featured_media":95631,"comment_status":"","ping_status":"","sticky":false,"template":"","format":"standard","meta":{"footnotes":""},"categories":[50],"tags":[3991,27,28,15,16,14,25,26,21,22,62,12,13,19,20,6666,811,806,23,24,17,18,29,30,31,63,64,65],"class_list":{"0":"post-95630","1":"post","2":"type-post","3":"status-publish","4":"format-standard","5":"has-post-thumbnail","7":"category-mundo","8":"tag-audiencia-geral","9":"tag-breaking-news","10":"tag-breakingnews","11":"tag-featured-news","12":"tag-featurednews","13":"tag-headlines","14":"tag-latest-news","15":"tag-latestnews","16":"tag-main-news","17":"tag-mainnews","18":"tag-mundo","19":"tag-news","20":"tag-noticias","21":"tag-noticias-principais","22":"tag-noticiasprincipais","23":"tag-oracao","24":"tag-papa-leao-xiv","25":"tag-paz","26":"tag-principais-noticias","27":"tag-principaisnoticias","28":"tag-top-stories","29":"tag-topstories","30":"tag-ultimas","31":"tag-ultimas-noticias","32":"tag-ultimasnoticias","33":"tag-world","34":"tag-world-news","35":"tag-worldnews"},"share_on_mastodon":{"url":"","error":""},"_links":{"self":[{"href":"https:\/\/www.europesays.com\/pt\/wp-json\/wp\/v2\/posts\/95630","targetHints":{"allow":["GET"]}}],"collection":[{"href":"https:\/\/www.europesays.com\/pt\/wp-json\/wp\/v2\/posts"}],"about":[{"href":"https:\/\/www.europesays.com\/pt\/wp-json\/wp\/v2\/types\/post"}],"author":[{"embeddable":true,"href":"https:\/\/www.europesays.com\/pt\/wp-json\/wp\/v2\/users\/2"}],"replies":[{"embeddable":true,"href":"https:\/\/www.europesays.com\/pt\/wp-json\/wp\/v2\/comments?post=95630"}],"version-history":[{"count":0,"href":"https:\/\/www.europesays.com\/pt\/wp-json\/wp\/v2\/posts\/95630\/revisions"}],"wp:featuredmedia":[{"embeddable":true,"href":"https:\/\/www.europesays.com\/pt\/wp-json\/wp\/v2\/media\/95631"}],"wp:attachment":[{"href":"https:\/\/www.europesays.com\/pt\/wp-json\/wp\/v2\/media?parent=95630"}],"wp:term":[{"taxonomy":"category","embeddable":true,"href":"https:\/\/www.europesays.com\/pt\/wp-json\/wp\/v2\/categories?post=95630"},{"taxonomy":"post_tag","embeddable":true,"href":"https:\/\/www.europesays.com\/pt\/wp-json\/wp\/v2\/tags?post=95630"}],"curies":[{"name":"wp","href":"https:\/\/api.w.org\/{rel}","templated":true}]}}