{"id":95634,"date":"2025-10-02T11:01:09","date_gmt":"2025-10-02T11:01:09","guid":{"rendered":"https:\/\/www.europesays.com\/pt\/95634\/"},"modified":"2025-10-02T11:01:09","modified_gmt":"2025-10-02T11:01:09","slug":"virginia-curte-jantar-com-amigos-em-madri-e-escolhe-look-ousado","status":"publish","type":"post","link":"https:\/\/www.europesays.com\/pt\/95634\/","title":{"rendered":"Virginia curte jantar com amigos em Madri e escolhe look ousado"},"content":{"rendered":"<p>A influenciadora <a href=\"https:\/\/caras.com.br\/tags\/virginia-fonseca\" rel=\"nofollow noopener\" target=\"_blank\"><strong>Virginia Fonseca<\/strong><\/a> voltou a chamar aten\u00e7\u00e3o durante mais uma viagem para Madri, na Espanha. Em meio aos rumores de aproxima\u00e7\u00e3o com <a href=\"https:\/\/caras.com.br\/tags\/vini-jr\" rel=\"nofollow noopener\" target=\"_blank\"><strong>Vini Jr.<\/strong><\/a>, ela tem dividido momentos com amigos e familiares, e segue movimentando as redes sociais.<\/p>\n<p>Na noite desta quarta-feira, 1\u00ba, a empres\u00e1ria apareceu em um jantar com amigos, incluindo Hebert Gomes e Duda Freire. O encontro aconteceu em um restaurante da capital espanhola e foi registrado nos perfis dos convidados.<\/p>\n<p>A influenciadora publicou um clique no restaurante Pabblo, onde destacou a experi\u00eancia gastron\u00f4mica ao brincar com a legenda: \u201cA coxinha est\u00e1 diferente\u201d.<\/p>\n<p>Virginia, que se separou de Z\u00e9 Felipe em maio deste ano, tem mantido uma rotina intensa de compromissos entre Brasil e Europa. As idas frequentes \u00e0 Espanha aumentaram os rumores sobre um poss\u00edvel relacionamento com o atacante do Real Madrid, embora ambos n\u00e3o confirmem a rela\u00e7\u00e3o.<\/p>\n<blockquote class=\"instagram-media\" style=\"background: #FFF; border: 0; border-radius: 3px; box-shadow: 0 0 1px 0 rgba(0,0,0,0.5),0 1px 10px 0 rgba(0,0,0,0.15); margin: 1px; max-width: 540px; min-width: 326px; padding: 0; width: calc(100% - 2px);\" data-instgrm-captioned=\"\" data-instgrm-permalink=\"https:\/\/www.instagram.com\/p\/DPR9-I2DH8y\/?utm_source=ig_embed&amp;utm_campaign=loading\" data-instgrm-version=\"14\"><\/blockquote>\n<p>  <img loading=\"lazy\" decoding=\"async\" class=\"wp-image-1012142 size-full img-fluid lazy\" alt=\"Virginia Fonseca - Foto: Reprodu\u00e7\u00e3o \/ Instagram @virginia\" width=\"784\" height=\"1404\" src=\"https:\/\/www.europesays.com\/pt\/wp-content\/uploads\/2025\/10\/virginia-fonseca-espanha-.jpg\"  \/>Virginia Fonseca \u2013 Foto: Reprodu\u00e7\u00e3o \/ Instagram @virginia Rotina entre Brasil e Espanha <\/p>\n<p>Esta \u00e9 a terceira vez em apenas um m\u00eas que Virginia desembarca em Madri. Em setembro, ela esteve no Est\u00e1dio Santiago Bernab\u00e9u acompanhada de amigos, e pouco depois voltou \u00e0 Europa para um passeio de iate, ocasi\u00e3o em que tamb\u00e9m foi vista com Vini Jr. Na sequ\u00eancia, a influenciadora compartilhou detalhes de uma mans\u00e3o que coincide com a resid\u00eancia do jogador, o que aumentou ainda mais as especula\u00e7\u00f5es.<\/p>\n<p>Ao retornar ao Brasil ap\u00f3s a segunda viagem \u00e0 Espanha, visitou a casa do atleta no Rio de Janeiro com familiares. O encontro foi marcado por registros de Margareth Serr\u00e3o, m\u00e3e de Virginia, ao lado da m\u00e3e do jogador.<\/p>\n<p>Apesar das especula\u00e7\u00f5es, Virginia segue focada em seus projetos profissionais. Entre grava\u00e7\u00f5es, campanhas e viagens, a influenciadora tamb\u00e9m tem usado o tempo em Madri para se aproximar do c\u00edrculo de amigos do craque. A rela\u00e7\u00e3o com Vini Jr. segue sem confirma\u00e7\u00f5es, mas os encontros recorrentes refor\u00e7am a proximidade.<\/p>\n<p>        <a href=\"https:\/\/caras.com.br\/autor\/izabella-nicolau\" rel=\"nofollow noopener\" target=\"_blank\">&#13;<br \/>\n          <img loading=\"lazy\" decoding=\"async\" alt=\"Izabella Nicolau\" src=\"https:\/\/www.europesays.com\/pt\/wp-content\/uploads\/2025\/10\/whatsapp_image_2025-08-12_at_15.10.50_1_sqmd.jpeg\" class=\"avatar avatar-115 photo rounded-circle\" height=\"115\" width=\"115\"\/>        <\/a><\/p>\n<p><strong>Izabella Nicolau<\/strong> \u00e9 rep\u00f3rter de conte\u00fado do site CARAS. Formada em jornalismo, j\u00e1 passou por sites como Observat\u00f3rio do Cinema e Ultraverso. Escreve sobre cultura, entretenimento e celebridades.<\/p>\n<ul class=\"terms-list post_tag list-inline\">\n<li class=\"virginia list-inline-item\">\n\t\t\t\t\t<a href=\"https:\/\/caras.com.br\/tags\/virginia\" class=\"item-category\" rel=\"nofollow noopener\" target=\"_blank\">Virginia<\/a>\n\t\t\t\t<\/li>\n<li class=\"virginia-fonseca list-inline-item\">\n\t\t\t\t\t<a href=\"https:\/\/caras.com.br\/tags\/virginia-fonseca\" class=\"item-category\" rel=\"nofollow noopener\" target=\"_blank\">Virg\u00ednia Fonseca<\/a>\n\t\t\t\t<\/li>\n<\/ul>\n<p>\t                                            <script async src=\"\/\/www.instagram.com\/embed.js\"><\/script><\/p>\n","protected":false},"excerpt":{"rendered":"A influenciadora Virginia Fonseca voltou a chamar aten\u00e7\u00e3o durante mais uma viagem para Madri, na Espanha. Em meio&hellip;\n","protected":false},"author":2,"featured_media":95635,"comment_status":"","ping_status":"","sticky":false,"template":"","format":"standard","meta":{"footnotes":""},"categories":[145],"tags":[211,210,114,115,32,33,973,1446],"class_list":{"0":"post-95634","1":"post","2":"type-post","3":"status-publish","4":"format-standard","5":"has-post-thumbnail","7":"category-celebridades","8":"tag-celebridades","9":"tag-celebrities","10":"tag-entertainment","11":"tag-entretenimento","12":"tag-portugal","13":"tag-pt","14":"tag-virginia","15":"tag-virginia-fonseca"},"share_on_mastodon":{"url":"","error":""},"_links":{"self":[{"href":"https:\/\/www.europesays.com\/pt\/wp-json\/wp\/v2\/posts\/95634","targetHints":{"allow":["GET"]}}],"collection":[{"href":"https:\/\/www.europesays.com\/pt\/wp-json\/wp\/v2\/posts"}],"about":[{"href":"https:\/\/www.europesays.com\/pt\/wp-json\/wp\/v2\/types\/post"}],"author":[{"embeddable":true,"href":"https:\/\/www.europesays.com\/pt\/wp-json\/wp\/v2\/users\/2"}],"replies":[{"embeddable":true,"href":"https:\/\/www.europesays.com\/pt\/wp-json\/wp\/v2\/comments?post=95634"}],"version-history":[{"count":0,"href":"https:\/\/www.europesays.com\/pt\/wp-json\/wp\/v2\/posts\/95634\/revisions"}],"wp:featuredmedia":[{"embeddable":true,"href":"https:\/\/www.europesays.com\/pt\/wp-json\/wp\/v2\/media\/95635"}],"wp:attachment":[{"href":"https:\/\/www.europesays.com\/pt\/wp-json\/wp\/v2\/media?parent=95634"}],"wp:term":[{"taxonomy":"category","embeddable":true,"href":"https:\/\/www.europesays.com\/pt\/wp-json\/wp\/v2\/categories?post=95634"},{"taxonomy":"post_tag","embeddable":true,"href":"https:\/\/www.europesays.com\/pt\/wp-json\/wp\/v2\/tags?post=95634"}],"curies":[{"name":"wp","href":"https:\/\/api.w.org\/{rel}","templated":true}]}}