{"id":95638,"date":"2025-10-02T11:05:12","date_gmt":"2025-10-02T11:05:12","guid":{"rendered":"https:\/\/www.europesays.com\/pt\/95638\/"},"modified":"2025-10-02T11:05:12","modified_gmt":"2025-10-02T11:05:12","slug":"o-apelido-inusitado-de-michael-jackson-segundo-lionel-richie","status":"publish","type":"post","link":"https:\/\/www.europesays.com\/pt\/95638\/","title":{"rendered":"O apelido inusitado de Michael Jackson, segundo Lionel Richie"},"content":{"rendered":"<p>No livro de mem\u00f3rias Truly, <a href=\"https:\/\/aventurasnahistoria.com.br\/noticias\/historia-hoje\/lionel-richie-admite-que-foi-um-erro-excluir-madonna-em-we-are-world.phtml\" rel=\"nofollow noopener\" target=\"_blank\">Lionel Richie<\/a> compartilha hist\u00f3rias pessoais e \u00edntimas de sua longa amizade com Michael Jackson, inclusive relatos surpreendentes sobre a higiene do \u00edcone. Segundo Richie, Jackson era chamado de \u201cSmelly\u201d (\u201cfedorento\u201d) por amigos pr\u00f3ximos, em especial pelo produtor <a href=\"https:\/\/aventurasnahistoria.com.br\/noticias\/reportagem\/por-que-quincy-jones-disse-que-nunca-trabalharia-com-elvis-presley.phtml\" rel=\"nofollow noopener\" target=\"_blank\">Quincy Jones<\/a>, por usar roupas por dias sem lav\u00e1-las.<\/p>\n<p>Richie explica que a fama extrema de <strong>Jackson<\/strong> tornava simples tarefas cotidianas complicadas. Ele n\u00e3o podia sair para comprar roupas novas com normalidade ou enviar suas pe\u00e7as para lavanderia sem riscos \u2014 muitos itens eram \u201capreendidos\u201d por f\u00e3s ou pessoas querendo um souvenir.\u00a0<\/p>\n<p> Michael Jackson fedorento <\/p>\n<p>Por isso, Jackson acabou criando o h\u00e1bito de repetir o uso at\u00e9 que as roupas se tornassem inutiliz\u00e1veis. Richie comenta que Jackson, em tom bem-humorado, reconhecia que usava as mesmas roupas por dias, e que, entre amigos, isso virou piada afetuosa.<\/p>\n<p>O m\u00fasico conta ainda uma cena curiosa: preocupado com as <a href=\"https:\/\/aventurasnahistoria.com.br\/noticias\/historia-hoje\/leao-xiv-por-que-roupa-do-papa-mudou-em-sua-primeira-aparicao.phtml\" rel=\"nofollow noopener\" target=\"_blank\">roupas<\/a> de <strong>Jackson<\/strong>, ele lhe presenteou com cal\u00e7as novas, roupa \u00edntima limpa e sugeriu que tomasse um banho. <b>Michael <\/b>teria agradecido, mas ao voltar para casa, <strong>Richie<\/strong> teria encontrado no tapete da sala o jeans surrado e a cueca velha \u2014 simbolizando que Michael preferira manter a roupa usada por h\u00e1bito ou afinidade.<\/p>\n<p><strong>Richie<\/strong> caracteriza o comportamento do amigo como parte de sua excentricidade: \u201cUma mistura de professor absorto com uma crian\u00e7a\u201d, nas suas palavras escritas. Apesar dessas peculiaridades cotidianas, ele ressalta o talento extraordin\u00e1rio de <strong>Jackson<\/strong> no est\u00fadio, sua sensibilidade musical e a afinidade criativa que uniu ambos ao longo dos anos.<\/p>\n<p>O relato de <strong>Richie<\/strong> oferece uma vis\u00e3o humana de Michael Jackson, mostrando que mesmo grandes estrelas convivem com fragilidades e h\u00e1bitos estranhos. Acima de tudo, revela como a amizade permitiu que ele conhecesse o lado mais \u00edntimo e pouco narrado do <a href=\"https:\/\/aventurasnahistoria.com.br\/noticias\/reportagem\/michael-jackson-os-melancolicos-dias-finais-do-rei-do-pop.phtml\" rel=\"nofollow noopener\" target=\"_blank\">Rei do Pop<\/a>.<\/p>\n","protected":false},"excerpt":{"rendered":"No livro de mem\u00f3rias Truly, Lionel Richie compartilha hist\u00f3rias pessoais e \u00edntimas de sua longa amizade com Michael&hellip;\n","protected":false},"author":2,"featured_media":95639,"comment_status":"","ping_status":"","sticky":false,"template":"","format":"standard","meta":{"footnotes":""},"categories":[141],"tags":[23650,5294,114,115,18969,6641,149,150,13,214,32,33],"class_list":{"0":"post-95638","1":"post","2":"type-post","3":"status-publish","4":"format-standard","5":"has-post-thumbnail","7":"category-musica","8":"tag-apelido","9":"tag-bastidores","10":"tag-entertainment","11":"tag-entretenimento","12":"tag-lionel-richie","13":"tag-michael-jackson","14":"tag-music","15":"tag-musica","16":"tag-noticias","17":"tag-pop","18":"tag-portugal","19":"tag-pt"},"share_on_mastodon":{"url":"","error":""},"_links":{"self":[{"href":"https:\/\/www.europesays.com\/pt\/wp-json\/wp\/v2\/posts\/95638","targetHints":{"allow":["GET"]}}],"collection":[{"href":"https:\/\/www.europesays.com\/pt\/wp-json\/wp\/v2\/posts"}],"about":[{"href":"https:\/\/www.europesays.com\/pt\/wp-json\/wp\/v2\/types\/post"}],"author":[{"embeddable":true,"href":"https:\/\/www.europesays.com\/pt\/wp-json\/wp\/v2\/users\/2"}],"replies":[{"embeddable":true,"href":"https:\/\/www.europesays.com\/pt\/wp-json\/wp\/v2\/comments?post=95638"}],"version-history":[{"count":0,"href":"https:\/\/www.europesays.com\/pt\/wp-json\/wp\/v2\/posts\/95638\/revisions"}],"wp:featuredmedia":[{"embeddable":true,"href":"https:\/\/www.europesays.com\/pt\/wp-json\/wp\/v2\/media\/95639"}],"wp:attachment":[{"href":"https:\/\/www.europesays.com\/pt\/wp-json\/wp\/v2\/media?parent=95638"}],"wp:term":[{"taxonomy":"category","embeddable":true,"href":"https:\/\/www.europesays.com\/pt\/wp-json\/wp\/v2\/categories?post=95638"},{"taxonomy":"post_tag","embeddable":true,"href":"https:\/\/www.europesays.com\/pt\/wp-json\/wp\/v2\/tags?post=95638"}],"curies":[{"name":"wp","href":"https:\/\/api.w.org\/{rel}","templated":true}]}}