{"id":95713,"date":"2025-10-02T12:27:09","date_gmt":"2025-10-02T12:27:09","guid":{"rendered":"https:\/\/www.europesays.com\/pt\/95713\/"},"modified":"2025-10-02T12:27:09","modified_gmt":"2025-10-02T12:27:09","slug":"celtic-park-onde-ate-o-silencio-parece-ruido","status":"publish","type":"post","link":"https:\/\/www.europesays.com\/pt\/95713\/","title":{"rendered":"Celtic Park, onde at\u00e9 o sil\u00eancio parece ru\u00eddo"},"content":{"rendered":"<p>O tempo frio e chuvoso da Esc\u00f3cia &#8220;pede&#8221; o conforto do lar, mas a adrenalina a poucas horas do jogo com o Braga n\u00e3o deixa. No Celtic Park, um est\u00e1dio m\u00edtico e imperial, carregado de hist\u00f3ria e cuja arquitetura mete respeito, o burburinho \u00e0 volta de mais um desafio europeu, hoje contra o Braga, sente-se. H\u00e1 preparativos, correrias e um acolhimento de quem sabe receber e cresceu a apoiar um clube cujos valores, entre muitos outros, passa pela entreajuda e dar a m\u00e3o ao outro.<\/p>\n<p data-remotead-prev-elm=\"true\" data-remotead-elm-id=\"inread\">O Celtic, fundado em 1887 em Glasgow, por um padre, \u00e9 um dos clubes mais emblem\u00e1ticos da Esc\u00f3cia e do mundo, criado n\u00e3o para vencer, mas com o objetivo principal de apoiar a comunidade irlandesa cat\u00f3lica que vivia na cidade e que passava por dificuldades. O impacto social e desportivo \u00e9 ineg\u00e1vel, assim como as faixas verde e brancas se tornaram inconfund\u00edveis. E a atmosfera do est\u00e1dio \u00e9 conhecida por dar arrepios at\u00e9 para quem n\u00e3o \u00e9 adepto do clube. Entre coreografias, apoios e c\u00e2nticos vibrantes, a rela\u00e7\u00e3o emocional entre os clubes e os adeptos \u00e9 uma das caracter\u00edsticas mais fortes na identidade. Para o bem e para o mal. Os adeptos, comprova-se nas ruas escocesas, exibem orgulhosamente as camisolas e n\u00e3o escondem a paix\u00e3o. E muito menos a cara quando as coisas n\u00e3o correm como, na sua \u00f3tica, devia correr.<\/p>\n<p>Acesso exclusivo a assinantes<\/p>\n<p>Acesso ilimitado a conte\u00fados exclusivos<\/p>\n<p>Navega\u00e7\u00e3o sem publicidade intrusiva<\/p>\n<p>Vers\u00e3o digital do jornal, suplementos e revistas<\/p>\n","protected":false},"excerpt":{"rendered":"O tempo frio e chuvoso da Esc\u00f3cia &#8220;pede&#8221; o conforto do lar, mas a adrenalina a poucas horas&hellip;\n","protected":false},"author":2,"featured_media":95714,"comment_status":"","ping_status":"","sticky":false,"template":"","format":"standard","meta":{"footnotes":""},"categories":[87],"tags":[14013,135,524,32,33,134],"class_list":{"0":"post-95713","1":"post","2":"type-post","3":"status-publish","4":"format-standard","5":"has-post-thumbnail","7":"category-desporto","8":"tag-celtic","9":"tag-desporto","10":"tag-futebol","11":"tag-portugal","12":"tag-pt","13":"tag-sports"},"share_on_mastodon":{"url":"","error":""},"_links":{"self":[{"href":"https:\/\/www.europesays.com\/pt\/wp-json\/wp\/v2\/posts\/95713","targetHints":{"allow":["GET"]}}],"collection":[{"href":"https:\/\/www.europesays.com\/pt\/wp-json\/wp\/v2\/posts"}],"about":[{"href":"https:\/\/www.europesays.com\/pt\/wp-json\/wp\/v2\/types\/post"}],"author":[{"embeddable":true,"href":"https:\/\/www.europesays.com\/pt\/wp-json\/wp\/v2\/users\/2"}],"replies":[{"embeddable":true,"href":"https:\/\/www.europesays.com\/pt\/wp-json\/wp\/v2\/comments?post=95713"}],"version-history":[{"count":0,"href":"https:\/\/www.europesays.com\/pt\/wp-json\/wp\/v2\/posts\/95713\/revisions"}],"wp:featuredmedia":[{"embeddable":true,"href":"https:\/\/www.europesays.com\/pt\/wp-json\/wp\/v2\/media\/95714"}],"wp:attachment":[{"href":"https:\/\/www.europesays.com\/pt\/wp-json\/wp\/v2\/media?parent=95713"}],"wp:term":[{"taxonomy":"category","embeddable":true,"href":"https:\/\/www.europesays.com\/pt\/wp-json\/wp\/v2\/categories?post=95713"},{"taxonomy":"post_tag","embeddable":true,"href":"https:\/\/www.europesays.com\/pt\/wp-json\/wp\/v2\/tags?post=95713"}],"curies":[{"name":"wp","href":"https:\/\/api.w.org\/{rel}","templated":true}]}}