{"id":95769,"date":"2025-10-02T13:29:29","date_gmt":"2025-10-02T13:29:29","guid":{"rendered":"https:\/\/www.europesays.com\/pt\/95769\/"},"modified":"2025-10-02T13:29:29","modified_gmt":"2025-10-02T13:29:29","slug":"abertura-da-8-a-edicao-da-festa-do-livro-em-belem","status":"publish","type":"post","link":"https:\/\/www.europesays.com\/pt\/95769\/","title":{"rendered":"Abertura da 8.\u00aa edi\u00e7\u00e3o da Festa do Livro em Bel\u00e9m"},"content":{"rendered":"<p>O Presidente da Rep\u00fablica inaugurou a 8.\u00aa edi\u00e7\u00e3o da Festa do Livro em Bel\u00e9m, tendo visitado os expositores das editoras presentes acompanhado pela Ministra da Cultura e pelo Presidente da APEL.<\/p>\n<p>No final do dia, o Presidente Marcelo Rebelo de Sousa e o Primeiro-Ministro, Lu\u00eds Montenegro, assistiram juntos ao concerto de Carolina Deslandes e de Rui Veloso.<\/p>\n<p>A Festa do Livro em Bel\u00e9m decorre de 25 a 28 de setembro e \u00e9 organizada pela Presid\u00eancia da Rep\u00fablica em parceria com a Associa\u00e7\u00e3o Portuguesa de Editores e Livreiros (APEL) e as Bibliotecas Municipais de Lisboa.<\/p>\n","protected":false},"excerpt":{"rendered":"O Presidente da Rep\u00fablica inaugurou a 8.\u00aa edi\u00e7\u00e3o da Festa do Livro em Bel\u00e9m, tendo visitado os expositores&hellip;\n","protected":false},"author":2,"featured_media":95770,"comment_status":"","ping_status":"","sticky":false,"template":"","format":"standard","meta":{"footnotes":""},"categories":[143],"tags":[169,114,115,2128,170,2127,32,33],"class_list":{"0":"post-95769","1":"post","2":"type-post","3":"status-publish","4":"format-standard","5":"has-post-thumbnail","7":"category-livros","8":"tag-books","9":"tag-entertainment","10":"tag-entretenimento","11":"tag-festa-do-livro","12":"tag-livros","13":"tag-notcias","14":"tag-portugal","15":"tag-pt"},"share_on_mastodon":{"url":"","error":""},"_links":{"self":[{"href":"https:\/\/www.europesays.com\/pt\/wp-json\/wp\/v2\/posts\/95769","targetHints":{"allow":["GET"]}}],"collection":[{"href":"https:\/\/www.europesays.com\/pt\/wp-json\/wp\/v2\/posts"}],"about":[{"href":"https:\/\/www.europesays.com\/pt\/wp-json\/wp\/v2\/types\/post"}],"author":[{"embeddable":true,"href":"https:\/\/www.europesays.com\/pt\/wp-json\/wp\/v2\/users\/2"}],"replies":[{"embeddable":true,"href":"https:\/\/www.europesays.com\/pt\/wp-json\/wp\/v2\/comments?post=95769"}],"version-history":[{"count":0,"href":"https:\/\/www.europesays.com\/pt\/wp-json\/wp\/v2\/posts\/95769\/revisions"}],"wp:featuredmedia":[{"embeddable":true,"href":"https:\/\/www.europesays.com\/pt\/wp-json\/wp\/v2\/media\/95770"}],"wp:attachment":[{"href":"https:\/\/www.europesays.com\/pt\/wp-json\/wp\/v2\/media?parent=95769"}],"wp:term":[{"taxonomy":"category","embeddable":true,"href":"https:\/\/www.europesays.com\/pt\/wp-json\/wp\/v2\/categories?post=95769"},{"taxonomy":"post_tag","embeddable":true,"href":"https:\/\/www.europesays.com\/pt\/wp-json\/wp\/v2\/tags?post=95769"}],"curies":[{"name":"wp","href":"https:\/\/api.w.org\/{rel}","templated":true}]}}