{"id":95787,"date":"2025-10-02T13:41:12","date_gmt":"2025-10-02T13:41:12","guid":{"rendered":"https:\/\/www.europesays.com\/pt\/95787\/"},"modified":"2025-10-02T13:41:12","modified_gmt":"2025-10-02T13:41:12","slug":"anjos-contra-joana-marques-humorista-faz-revelacao-sobre-o-desfecho-do-caso","status":"publish","type":"post","link":"https:\/\/www.europesays.com\/pt\/95787\/","title":{"rendered":"Anjos contra Joana Marques: humorista faz revela\u00e7\u00e3o sobre o desfecho do caso!"},"content":{"rendered":"<p>Em conversa com a imprensa, \u00e0 margem da 29.\u00aa gala dos Globos de Ouro, da SIC, <a href=\"https:\/\/selfie.iol.pt\/famosos\/globos-de-ouro\/apos-vencer-globo-de-ouro-joana-marques-mete-se-com-os-anjos-era-chato-ia-para-casa-com-acne\/20250929\/68d9c2a8d34e58bc67964a68\" target=\"_blank\" rel=\"nofollow noopener\">Joana Marques<\/a> revelou que n\u00e3o sabe quando ser\u00e1 conhecida a senten\u00e7a do caso que os Anjos colocaram contra a humorista, na sequ\u00eancia de um v\u00eddeo partilhado pela pr\u00f3pria, nas redes sociais, de uma atua\u00e7\u00e3o da dupla.<\/p>\n<p>&#8220;N\u00e3o sei. Eu acho que sei tanto como voc\u00eas ou menos. N\u00e3o sei&#8221;, come\u00e7ou por dizer.<\/p>\n<p>A imprensa tinha veiculado que o resultado era suposto ser conhecido durante o m\u00eas de setembro, depois das f\u00e9rias judiciais. &#8220;N\u00e3o sei, n\u00e3o fa\u00e7o ideia. Eu acho que pode ser a qualquer momento, mas tamb\u00e9m estamos em Portugal&#8230; Se calhar, tamb\u00e9m pode ser daqui a um ano&#8221;, frisou Joana Marques.<\/p>\n<p>&#8220;Ansiosa? N\u00e3o. Curiosa para ver. Acho que toda a gente e eu tamb\u00e9m, que sou uma das pessoas implicadas, mas mais curiosa do que ansiosa. N\u00e3o me tira o sono&#8221;, rematou.<\/p>\n","protected":false},"excerpt":{"rendered":"Em conversa com a imprensa, \u00e0 margem da 29.\u00aa gala dos Globos de Ouro, da SIC, Joana Marques&hellip;\n","protected":false},"author":2,"featured_media":95788,"comment_status":"","ping_status":"","sticky":false,"template":"","format":"standard","meta":{"footnotes":""},"categories":[145],"tags":[2875,211,210,114,115,23667,980,21393,2876,619,32,33,1012,299],"class_list":{"0":"post-95787","1":"post","2":"type-post","3":"status-publish","4":"format-standard","5":"has-post-thumbnail","7":"category-celebridades","8":"tag-anjos","9":"tag-celebridades","10":"tag-celebrities","11":"tag-entertainment","12":"tag-entretenimento","13":"tag-extremamente-desagradavel","14":"tag-famosos","15":"tag-globos-de-ouro","16":"tag-joana-marques","17":"tag-nacional","18":"tag-portugal","19":"tag-pt","20":"tag-selfie","21":"tag-tribunal"},"share_on_mastodon":{"url":"","error":""},"_links":{"self":[{"href":"https:\/\/www.europesays.com\/pt\/wp-json\/wp\/v2\/posts\/95787","targetHints":{"allow":["GET"]}}],"collection":[{"href":"https:\/\/www.europesays.com\/pt\/wp-json\/wp\/v2\/posts"}],"about":[{"href":"https:\/\/www.europesays.com\/pt\/wp-json\/wp\/v2\/types\/post"}],"author":[{"embeddable":true,"href":"https:\/\/www.europesays.com\/pt\/wp-json\/wp\/v2\/users\/2"}],"replies":[{"embeddable":true,"href":"https:\/\/www.europesays.com\/pt\/wp-json\/wp\/v2\/comments?post=95787"}],"version-history":[{"count":0,"href":"https:\/\/www.europesays.com\/pt\/wp-json\/wp\/v2\/posts\/95787\/revisions"}],"wp:featuredmedia":[{"embeddable":true,"href":"https:\/\/www.europesays.com\/pt\/wp-json\/wp\/v2\/media\/95788"}],"wp:attachment":[{"href":"https:\/\/www.europesays.com\/pt\/wp-json\/wp\/v2\/media?parent=95787"}],"wp:term":[{"taxonomy":"category","embeddable":true,"href":"https:\/\/www.europesays.com\/pt\/wp-json\/wp\/v2\/categories?post=95787"},{"taxonomy":"post_tag","embeddable":true,"href":"https:\/\/www.europesays.com\/pt\/wp-json\/wp\/v2\/tags?post=95787"}],"curies":[{"name":"wp","href":"https:\/\/api.w.org\/{rel}","templated":true}]}}