{"id":95807,"date":"2025-10-02T13:57:28","date_gmt":"2025-10-02T13:57:28","guid":{"rendered":"https:\/\/www.europesays.com\/pt\/95807\/"},"modified":"2025-10-02T13:57:28","modified_gmt":"2025-10-02T13:57:28","slug":"professores-avaliam-positivamente-o-clipe-2025-e-uso-do-bonus-livro-see","status":"publish","type":"post","link":"https:\/\/www.europesays.com\/pt\/95807\/","title":{"rendered":"Professores avaliam positivamente o Clipe 2025 e uso do B\u00f4nus Livro \u2013 SEE"},"content":{"rendered":"<p>Valores do benef\u00edcio foram reajustados na edi\u00e7\u00e3o deste ano<\/p>\n<p>O Circuito Liter\u00e1rio de Pernambuco (Clipe) vem se consolidando como uma das principais a\u00e7\u00f5es de incentivo \u00e0 leitura e valoriza\u00e7\u00e3o da educa\u00e7\u00e3o p\u00fablica no estado. Este ano, o evento, promovido pela Secretaria Estadual de Educa\u00e7\u00e3o (SEE), percorre as cidades de Serra Talhada, Caruaru, Petrolina e Recife com uma vasta programa\u00e7\u00e3o cultural. Um dos destaques \u00e9 o B\u00f4nus Livro, benef\u00edcio que permite a compra de livros e materiais did\u00e1ticos durante o evento por professores, analistas e assistentes educacionais.\u00a0<\/p>\n<p>Este ano, o valor foi reajustado. Professores da rede estadual passaram a receber R$ 1.045,60 e analistas e assistentes, R$ 522,80. O benef\u00edcio, que \u00e9 disponibilizado por meio de um cart\u00e3o magn\u00e9tico personalizado, tem sido bem recebido pelos servidores, que destacam a organiza\u00e7\u00e3o e o impacto positivo do Clipe.<\/p>\n<p>Durante a abertura do circuito Agreste, em Caruaru, o professor da Escola de Refer\u00eancia em Ensino M\u00e9dio (Erem) Manoel Edmundo, de Lagoa dos Gatos, Jardiel Melo, se disse empolgado com o Circuito Liter\u00e1rio. \u201cAs impress\u00f5es s\u00e3o as melhores poss\u00edveis. Acho que o fato de manter o evento anualmente traz uma credibilidade muito grande. A gente j\u00e1 fica esperando, contando com essas leituras. Estou super satisfeito e j\u00e1 empolgado, pensando no pr\u00f3ximo ano\u201d, afirmou.<\/p>\n<p><img loading=\"lazy\" decoding=\"async\" width=\"1024\" height=\"683\" data-id=\"14932\" alt=\"\"  src=\"https:\/\/www.europesays.com\/pt\/wp-content\/uploads\/2025\/10\/WhatsApp-Image-2025-06-04-at-15.17.31-1024x683.jpeg\" data- class=\"wp-image-14932 lazyload\"\/><img loading=\"lazy\" decoding=\"async\" width=\"1024\" height=\"683\" data-id=\"14931\" alt=\"\"  src=\"https:\/\/www.europesays.com\/pt\/wp-content\/uploads\/2025\/10\/WhatsApp-Image-2025-06-04-at-15.17.28-1024x683.jpeg\" data- class=\"wp-image-14931 lazyload\"\/><img loading=\"lazy\" decoding=\"async\" width=\"1024\" height=\"683\" data-id=\"14933\" alt=\"\"  src=\"https:\/\/www.europesays.com\/pt\/wp-content\/uploads\/2025\/10\/WhatsApp-Image-2025-06-04-at-15.17.25-1024x683.jpeg\" data- class=\"wp-image-14933 lazyload\"\/><\/p>\n<p>Fotos: Josimar Oliveira<\/p>\n<p>Al\u00e9m da organiza\u00e7\u00e3o, os profissionais tamb\u00e9m destacam a diversidade de t\u00edtulos. \u201c\u00c9 um incentivo perfeito para quem gosta de ler. Est\u00e1 tudo muito bom, muito organizado. Vale a pena! Comprei tudo, j\u00e1 usei todo o b\u00f4nus. Os livros s\u00e3o excelentes e h\u00e1 uma variedade muito boa\u201d, declarou a professora Fabrizia Brigag\u00e3o, t\u00e9cnica da Ger\u00eancia Regional de Educa\u00e7\u00e3o Mata Sul.<\/p>\n<p>A experi\u00eancia de participar do Clipe tamb\u00e9m tem sido uma forma de renova\u00e7\u00e3o para quem atua na sala de aula. \u201cO Clipe est\u00e1 maravilhoso. \u00c9 um momento muito bom e a gente se renova enquanto leitor e enquanto professor, que precisa estar sempre em forma\u00e7\u00e3o. Este espa\u00e7o \u00e9 maravilhoso. Esperamos que, no pr\u00f3ximo ano, seja t\u00e3o organizado quanto est\u00e1 sendo este\u201d, destacou a professora Lucimar Acioli, da Erem Deolinda Amaral, do munic\u00edpio de Lajedo.<\/p>\n<p>O tema do Clipe deste ano \u00e9 \u201cA justi\u00e7a socioambiental num contexto de leituras do mundo\u201d, propondo uma reflex\u00e3o interdisciplinar e atual sobre sustentabilidade, meio ambiente e equidade social. A feira segue at\u00e9 o m\u00eas de agosto, encerrando sua programa\u00e7\u00e3o no Recife.<\/p>\n<p>Para o gerente geral de Gest\u00e3o de Pessoas da SEE, Alysson Pereira, a pol\u00edtica dos b\u00f4nus-livro representa um avan\u00e7o significativo na valoriza\u00e7\u00e3o da educa\u00e7\u00e3o e dos professores. \u201cA distribui\u00e7\u00e3o dos b\u00f4nus fortalece a autonomia dos nossos profissionais da educa\u00e7\u00e3o na escolha das obras, al\u00e9m de incentivar o h\u00e1bito da leitura e o acesso \u00e0 produ\u00e7\u00e3o liter\u00e1ria pernambucana e nacional. \u00c9 uma iniciativa que movimenta o setor, promove conhecimento e valoriza quem faz a educa\u00e7\u00e3o acontecer todos os dias\u201d, destacou.<\/p>\n","protected":false},"excerpt":{"rendered":"Valores do benef\u00edcio foram reajustados na edi\u00e7\u00e3o deste ano O Circuito Liter\u00e1rio de Pernambuco (Clipe) vem se consolidando&hellip;\n","protected":false},"author":2,"featured_media":95808,"comment_status":"","ping_status":"","sticky":false,"template":"","format":"standard","meta":{"footnotes":""},"categories":[143],"tags":[169,114,115,170,32,33],"class_list":{"0":"post-95807","1":"post","2":"type-post","3":"status-publish","4":"format-standard","5":"has-post-thumbnail","7":"category-livros","8":"tag-books","9":"tag-entertainment","10":"tag-entretenimento","11":"tag-livros","12":"tag-portugal","13":"tag-pt"},"share_on_mastodon":{"url":"","error":""},"_links":{"self":[{"href":"https:\/\/www.europesays.com\/pt\/wp-json\/wp\/v2\/posts\/95807","targetHints":{"allow":["GET"]}}],"collection":[{"href":"https:\/\/www.europesays.com\/pt\/wp-json\/wp\/v2\/posts"}],"about":[{"href":"https:\/\/www.europesays.com\/pt\/wp-json\/wp\/v2\/types\/post"}],"author":[{"embeddable":true,"href":"https:\/\/www.europesays.com\/pt\/wp-json\/wp\/v2\/users\/2"}],"replies":[{"embeddable":true,"href":"https:\/\/www.europesays.com\/pt\/wp-json\/wp\/v2\/comments?post=95807"}],"version-history":[{"count":0,"href":"https:\/\/www.europesays.com\/pt\/wp-json\/wp\/v2\/posts\/95807\/revisions"}],"wp:featuredmedia":[{"embeddable":true,"href":"https:\/\/www.europesays.com\/pt\/wp-json\/wp\/v2\/media\/95808"}],"wp:attachment":[{"href":"https:\/\/www.europesays.com\/pt\/wp-json\/wp\/v2\/media?parent=95807"}],"wp:term":[{"taxonomy":"category","embeddable":true,"href":"https:\/\/www.europesays.com\/pt\/wp-json\/wp\/v2\/categories?post=95807"},{"taxonomy":"post_tag","embeddable":true,"href":"https:\/\/www.europesays.com\/pt\/wp-json\/wp\/v2\/tags?post=95807"}],"curies":[{"name":"wp","href":"https:\/\/api.w.org\/{rel}","templated":true}]}}