{"id":95834,"date":"2025-10-02T14:21:06","date_gmt":"2025-10-02T14:21:06","guid":{"rendered":"https:\/\/www.europesays.com\/pt\/95834\/"},"modified":"2025-10-02T14:21:06","modified_gmt":"2025-10-02T14:21:06","slug":"homem-vandaliza-carros-e-restaurante-no-aeroporto-de-lisboa","status":"publish","type":"post","link":"https:\/\/www.europesays.com\/pt\/95834\/","title":{"rendered":"Homem vandaliza carros e restaurante no aeroporto de Lisboa"},"content":{"rendered":"<p>\t                Suspeito, de 21 anos, foi detido e internado compulsivamente no Hospital S\u00e3o Jos\u00e9<\/p>\n<p>Um homem de 21 anos, de nacionalidade angolana, foi detido pela PSP no aeroporto de Lisboa ap\u00f3s uma sequ\u00eancia de incidentes violentos nos \u00faltimos dias, apurou a CNN Portugal.<\/p>\n<p>No s\u00e1bado, o suspeito vandalizou uma viatura e, ap\u00f3s avalia\u00e7\u00e3o, foi decretado o seu abandono volunt\u00e1rio em territ\u00f3rio nacional no prazo de 20 dias. Dois dias depois, voltou a danificar v\u00e1rias viaturas e foi detido por dano e por resist\u00eancia e coa\u00e7\u00e3o contra funcion\u00e1rio.<\/p>\n<p>J\u00e1 na quarta-feira, o indiv\u00edduo causou dist\u00farbios num caf\u00e9 na zona de chegadas do aeroporto, partindo copos e pratos, amea\u00e7ando clientes e funcion\u00e1rios. \u00c0 chegada da PSP, o suspeito <a href=\"https:\/\/x.com\/DrGPT1\/status\/1973651375566532749\" target=\"_blank\" rel=\"nofollow\">partiu ainda uma garrafa<\/a> e amea\u00e7ou os agentes.\u00a0<\/p>\n<p>Acabaria por ser neutralizado com recurso a taser, detido e internado compulsivamente no Hospital S\u00e3o Jos\u00e9, em Lisboa, onde permanece sob vigil\u00e2ncia.<\/p>\n<blockquote class=\"twitter-tweet\">\n<p lang=\"pt\">Parque P1 do Aeroporto de Lisboa.<br \/>Uso muitas vezes em desloca\u00e7\u00f5es curtas para deixar o carro. \u00c9 o parque mais caro, 1 euro por cada 15minutos, ou max 40 euros por dia.<\/p>\n<p>Por acaso nunca vi nenhum seguran\u00e7a.<br \/>Creio ser responsabilidade da Ana\/Vincci assegurar seguran\u00e7a como deve ser <a href=\"https:\/\/t.co\/cBhD9jHfYn\" rel=\"nofollow\">pic.twitter.com\/cBhD9jHfYn<\/a><\/p>\n<p> \u2014 DrG (@DrGPT1) <a href=\"https:\/\/twitter.com\/DrGPT1\/status\/1973649938459541757?ref_src=twsrc%5Etfw\" rel=\"nofollow noopener\" target=\"_blank\">October 2, 2025<\/a>\n<\/p><\/blockquote>\n<p>Em comunicado, a PSP esclarece que foi &#8220;acionada para um parque de estacionamento no Aeroporto de Lisboa, ap\u00f3s informa\u00e7\u00e3o de que se encontrava no local um indiv\u00edduo a causar dist\u00farbios e a danificar viaturas&#8221; e que quando chegou ao local &#8220;verificou-se que o suspeito se encontrava em cima de uma viatura, proferindo frases desconexas e apresentando comportamento sugestivo de desorganiza\u00e7\u00e3o ps\u00edquica, com risco para a sua integridade f\u00edsica, de terceiros e do bem alheio&#8221;.<\/p>\n<p>&#8220;Foi-lhe ordenado que abandonasse a posi\u00e7\u00e3o e descesse da viatura, o que acatou. No entanto, j\u00e1 no solo, voltou a adotar comportamento agressivo, proferindo insultos dirigidos aos elementos policiais. Alertado para moderar a linguagem e postura, reagiu avan\u00e7ando na dire\u00e7\u00e3o dos agentes, tentando resistir \u00e0s ordens legais. Face a tal comportamento, foram de imediato aplicadas t\u00e9cnicas de imobiliza\u00e7\u00e3o e algemagem, tendo-lhe sido dada voz de deten\u00e7\u00e3o&#8221;, l\u00ea-se na nota, que acrescenta que o homem \u00e9 suspeito da pr\u00e1tica do crime de resist\u00eancia e coa\u00e7\u00e3o sobre funcion\u00e1rio.<\/p>\n<p>\t            <script async src=\"https:\/\/platform.twitter.com\/widgets.js\" charset=\"utf-8\"><\/script><\/p>\n","protected":false},"excerpt":{"rendered":"Suspeito, de 21 anos, foi detido e internado compulsivamente no Hospital S\u00e3o Jos\u00e9 Um homem de 21 anos,&hellip;\n","protected":false},"author":2,"featured_media":95835,"comment_status":"","ping_status":"","sticky":false,"template":"","format":"standard","meta":{"footnotes":""},"categories":[10],"tags":[1811,609,836,23672,611,27,28,607,608,333,832,604,135,610,476,15,16,301,830,14,603,25,26,570,21,22,831,833,62,834,12,13,19,20,835,602,52,32,23,24,1306,33,17,18,29,30,31,20910],"class_list":{"0":"post-95834","1":"post","2":"type-post","3":"status-publish","4":"format-standard","5":"has-post-thumbnail","7":"category-portugal","8":"tag-aeroporto-de-lisboa","9":"tag-alerta","10":"tag-analise","11":"tag-angolano","12":"tag-ao-minuto","13":"tag-breaking-news","14":"tag-breakingnews","15":"tag-cnn","16":"tag-cnn-portugal","17":"tag-comentadores","18":"tag-costa","19":"tag-crime","20":"tag-desporto","21":"tag-direto","22":"tag-economia","23":"tag-featured-news","24":"tag-featurednews","25":"tag-governo","26":"tag-guerra","27":"tag-headlines","28":"tag-justica","29":"tag-latest-news","30":"tag-latestnews","31":"tag-live","32":"tag-main-news","33":"tag-mainnews","34":"tag-mais-vistas","35":"tag-marcelo","36":"tag-mundo","37":"tag-negocios","38":"tag-news","39":"tag-noticias","40":"tag-noticias-principais","41":"tag-noticiasprincipais","42":"tag-opiniao","43":"tag-pais","44":"tag-politica","45":"tag-portugal","46":"tag-principais-noticias","47":"tag-principaisnoticias","48":"tag-psp","49":"tag-pt","50":"tag-top-stories","51":"tag-topstories","52":"tag-ultimas","53":"tag-ultimas-noticias","54":"tag-ultimasnoticias","55":"tag-vandalismo"},"share_on_mastodon":{"url":"","error":""},"_links":{"self":[{"href":"https:\/\/www.europesays.com\/pt\/wp-json\/wp\/v2\/posts\/95834","targetHints":{"allow":["GET"]}}],"collection":[{"href":"https:\/\/www.europesays.com\/pt\/wp-json\/wp\/v2\/posts"}],"about":[{"href":"https:\/\/www.europesays.com\/pt\/wp-json\/wp\/v2\/types\/post"}],"author":[{"embeddable":true,"href":"https:\/\/www.europesays.com\/pt\/wp-json\/wp\/v2\/users\/2"}],"replies":[{"embeddable":true,"href":"https:\/\/www.europesays.com\/pt\/wp-json\/wp\/v2\/comments?post=95834"}],"version-history":[{"count":0,"href":"https:\/\/www.europesays.com\/pt\/wp-json\/wp\/v2\/posts\/95834\/revisions"}],"wp:featuredmedia":[{"embeddable":true,"href":"https:\/\/www.europesays.com\/pt\/wp-json\/wp\/v2\/media\/95835"}],"wp:attachment":[{"href":"https:\/\/www.europesays.com\/pt\/wp-json\/wp\/v2\/media?parent=95834"}],"wp:term":[{"taxonomy":"category","embeddable":true,"href":"https:\/\/www.europesays.com\/pt\/wp-json\/wp\/v2\/categories?post=95834"},{"taxonomy":"post_tag","embeddable":true,"href":"https:\/\/www.europesays.com\/pt\/wp-json\/wp\/v2\/tags?post=95834"}],"curies":[{"name":"wp","href":"https:\/\/api.w.org\/{rel}","templated":true}]}}