{"id":95844,"date":"2025-10-02T14:28:14","date_gmt":"2025-10-02T14:28:14","guid":{"rendered":"https:\/\/www.europesays.com\/pt\/95844\/"},"modified":"2025-10-02T14:28:14","modified_gmt":"2025-10-02T14:28:14","slug":"antonio-pitanga-dirige-longa-escrito-por-manuela-dias-de-vale-tudo-sobre-levante-baiano","status":"publish","type":"post","link":"https:\/\/www.europesays.com\/pt\/95844\/","title":{"rendered":"Antonio Pitanga dirige longa escrito por Manuela Dias, de \u2018Vale tudo\u2019, sobre levante baiano"},"content":{"rendered":"\n<p class=\" content-text__container theme-color-primary-first-letter\" data-track-category=\"Link no Texto\" data-track-links=\"\"> Antonio Pitanga aborda a terr\u00edvel pr\u00e1tica do racismo por meio da evoca\u00e7\u00e3o da Revolta dos Mal\u00eas, que ocorreu em Salvador, em 1835, liderada por integrantes \u2014 escravizados e libertos \u2014 da popula\u00e7\u00e3o negra mu\u00e7ulmana. Discriminados no Brasil, sem direito ao pertencimento, os negros procuraram preservar v\u00ednculos com a pr\u00f3pria religi\u00e3o e com a origem africana. \u201cA vida que nos roubaram na \u00c1frica n\u00e3o existe mais. \u00c9 como se n\u00e3o tiv\u00e9ssemos mais terra para voltar\u201d, diz Manoel Calafate (Bukassa Kabengele), um dos representantes do movimento. <\/p>\n<ul class=\"content-unordered-list\">\n<li><strong>Bonequinho aplaude de p\u00e9:<\/strong> <a class=\"\" href=\"https:\/\/oglobo.globo.com\/rioshow\/cinema\/guia\/saiba-por-que-o-filme-uma-batalha-apos-a-outra-e-para-critico-uma-obra-prima.ghtml\" rel=\"nofollow noopener\" target=\"_blank\">saiba por que o filme \u2018Uma batalha ap\u00f3s a outra\u2019 \u00e9 uma obra-prima<\/a><\/li>\n<li><strong>Festival do Rio 2025: <\/strong><a class=\"\" href=\"https:\/\/oglobo.globo.com\/rioshow\/cinema\/guia\/festival-do-rio-2025-criticos-do-globo-elegem-suas-apostas-de-melhores-filmes.ghtml\" rel=\"nofollow noopener\" target=\"_blank\">cr\u00edticos do GLOBO elegem suas apostas de melhores filmes<\/a><\/li>\n<\/ul>\n<p class=\" content-text__container \" data-track-category=\"Link no Texto\" data-track-links=\"\"> Na dire\u00e7\u00e3o, Pitanga conduz os filhos, escalados para pap\u00e9is importantes. <a class=\"\" href=\"https:\/\/oglobo.globo.com\/tudo-sobre\/personalidade\/camila-pitanga\" rel=\"nofollow noopener\" target=\"_blank\">Camila Pitanga<\/a> interpreta Sabina da Cruz, que delata o Levante dos Mal\u00eas, e Rocco Pitanga surge como Dassalu, abruptamente separado da noiva, Abayome (Samira Carvalho). Acumulando fun\u00e7\u00f5es, Antonio Pitanga tamb\u00e9m atua. Imprime autenticidade como Pac\u00edfico Licutan, escravizado impedido de exercer a liberdade. <\/p>\n<p class=\" content-text__container \" data-track-category=\"Link no Texto\" data-track-links=\"\"> Autora do roteiro, Manuela Dias entrela\u00e7a a luta comum (o combate \u00e0 viol\u00eancia e ao aprisionamento impostos pelos brancos) com as jornadas particulares dos personagens (em especial, na esfera conjugal). Mais do que isso, revela perspectivas de mundo contrastantes \u2014 uma centrada na valoriza\u00e7\u00e3o da coletividade e outra norteada pela prioriza\u00e7\u00e3o dos interesses individuais. <\/p>\n<p class=\" content-text__container \" data-track-category=\"Link no Texto\" data-track-links=\"\"> Apesar de certa irregularidade, o filme se destaca pela possibilidade de estimular o espectador a tra\u00e7ar articula\u00e7\u00f5es entre passado e presente, pela qualidade do elenco e por inspiradas contribui\u00e7\u00f5es \u2014 caso da trilha sonora de Antonio Pinto e Barulhista. <\/p>\n<p class=\" content-text__container \" data-track-category=\"Link no Texto\" data-track-links=\"\"> <strong>Cota\u00e7\u00e3o:<\/strong> bonequinho olha. <\/p>\n","protected":false},"excerpt":{"rendered":"Antonio Pitanga aborda a terr\u00edvel pr\u00e1tica do racismo por meio da evoca\u00e7\u00e3o da Revolta dos Mal\u00eas, que ocorreu&hellip;\n","protected":false},"author":2,"featured_media":95845,"comment_status":"","ping_status":"","sticky":false,"template":"","format":"standard","meta":{"footnotes":""},"categories":[140],"tags":[12716,114,115,147,148,146,32,33],"class_list":{"0":"post-95844","1":"post","2":"type-post","3":"status-publish","4":"format-standard","5":"has-post-thumbnail","7":"category-filmes","8":"tag-camila-pitanga","9":"tag-entertainment","10":"tag-entretenimento","11":"tag-film","12":"tag-filmes","13":"tag-movies","14":"tag-portugal","15":"tag-pt"},"share_on_mastodon":{"url":"","error":""},"_links":{"self":[{"href":"https:\/\/www.europesays.com\/pt\/wp-json\/wp\/v2\/posts\/95844","targetHints":{"allow":["GET"]}}],"collection":[{"href":"https:\/\/www.europesays.com\/pt\/wp-json\/wp\/v2\/posts"}],"about":[{"href":"https:\/\/www.europesays.com\/pt\/wp-json\/wp\/v2\/types\/post"}],"author":[{"embeddable":true,"href":"https:\/\/www.europesays.com\/pt\/wp-json\/wp\/v2\/users\/2"}],"replies":[{"embeddable":true,"href":"https:\/\/www.europesays.com\/pt\/wp-json\/wp\/v2\/comments?post=95844"}],"version-history":[{"count":0,"href":"https:\/\/www.europesays.com\/pt\/wp-json\/wp\/v2\/posts\/95844\/revisions"}],"wp:featuredmedia":[{"embeddable":true,"href":"https:\/\/www.europesays.com\/pt\/wp-json\/wp\/v2\/media\/95845"}],"wp:attachment":[{"href":"https:\/\/www.europesays.com\/pt\/wp-json\/wp\/v2\/media?parent=95844"}],"wp:term":[{"taxonomy":"category","embeddable":true,"href":"https:\/\/www.europesays.com\/pt\/wp-json\/wp\/v2\/categories?post=95844"},{"taxonomy":"post_tag","embeddable":true,"href":"https:\/\/www.europesays.com\/pt\/wp-json\/wp\/v2\/tags?post=95844"}],"curies":[{"name":"wp","href":"https:\/\/api.w.org\/{rel}","templated":true}]}}