{"id":95858,"date":"2025-10-02T14:41:00","date_gmt":"2025-10-02T14:41:00","guid":{"rendered":"https:\/\/www.europesays.com\/pt\/95858\/"},"modified":"2025-10-02T14:41:00","modified_gmt":"2025-10-02T14:41:00","slug":"grupo-de-biblioterapia-da-bpe","status":"publish","type":"post","link":"https:\/\/www.europesays.com\/pt\/95858\/","title":{"rendered":"Grupo de Biblioterapia da BPE"},"content":{"rendered":"<p>Inspirada pela experi\u00eancia e resultados positivos da edi\u00e7\u00e3o anterior, a BPE convidou as Dras. Mariana de Campos e Joana Alexandrino para a dinamiza\u00e7\u00e3o do Grupo de Biblioterapia, edi\u00e7\u00e3o de 2025. Sentimos que este projeto continua a ter um potencial transformador na promo\u00e7\u00e3o do bem-estar da nossa comunidade, por isso, queremos dar a oportunidade de frequ\u00eancia deste programa a mais leitores.<\/p>\n<p>A inscri\u00e7\u00e3o poder\u00e1 ser feita atrav\u00e9s da leitura do QR code dispon\u00edvel na imagem, ou do preenchimento da ficha dispon\u00edvel na BPE. Advertimos que ser\u00e3o contactadas prioritariamente as pessoas que ficaram em lista de espera na edi\u00e7\u00e3o anterior.<\/p>\n<p>Apelamos para que a inscri\u00e7\u00e3o seja feita com responsabilidade e compromisso, j\u00e1 que as desist\u00eancias resultam em lugares vazios, que poderiam ser ocupados por outras pessoas interessadas.<\/p>\n<p><a href=\"https:\/\/www.europesays.com\/pt\/wp-content\/uploads\/2025\/10\/Biblioterapia_BPE.jpg\"><img fetchpriority=\"high\" decoding=\"async\" class=\"alignnone wp-image-70267 size-full\" src=\"https:\/\/www.europesays.com\/pt\/wp-content\/uploads\/2025\/10\/Biblioterapia_BPE.jpg\" alt=\"\" width=\"2334\" height=\"2048\"  \/><\/a><\/p>\n","protected":false},"excerpt":{"rendered":"Inspirada pela experi\u00eancia e resultados positivos da edi\u00e7\u00e3o anterior, a BPE convidou as Dras. Mariana de Campos e&hellip;\n","protected":false},"author":2,"featured_media":95859,"comment_status":"","ping_status":"","sticky":false,"template":"","format":"standard","meta":{"footnotes":""},"categories":[143],"tags":[169,114,115,170,32,33],"class_list":{"0":"post-95858","1":"post","2":"type-post","3":"status-publish","4":"format-standard","5":"has-post-thumbnail","7":"category-livros","8":"tag-books","9":"tag-entertainment","10":"tag-entretenimento","11":"tag-livros","12":"tag-portugal","13":"tag-pt"},"share_on_mastodon":{"url":"","error":""},"_links":{"self":[{"href":"https:\/\/www.europesays.com\/pt\/wp-json\/wp\/v2\/posts\/95858","targetHints":{"allow":["GET"]}}],"collection":[{"href":"https:\/\/www.europesays.com\/pt\/wp-json\/wp\/v2\/posts"}],"about":[{"href":"https:\/\/www.europesays.com\/pt\/wp-json\/wp\/v2\/types\/post"}],"author":[{"embeddable":true,"href":"https:\/\/www.europesays.com\/pt\/wp-json\/wp\/v2\/users\/2"}],"replies":[{"embeddable":true,"href":"https:\/\/www.europesays.com\/pt\/wp-json\/wp\/v2\/comments?post=95858"}],"version-history":[{"count":0,"href":"https:\/\/www.europesays.com\/pt\/wp-json\/wp\/v2\/posts\/95858\/revisions"}],"wp:featuredmedia":[{"embeddable":true,"href":"https:\/\/www.europesays.com\/pt\/wp-json\/wp\/v2\/media\/95859"}],"wp:attachment":[{"href":"https:\/\/www.europesays.com\/pt\/wp-json\/wp\/v2\/media?parent=95858"}],"wp:term":[{"taxonomy":"category","embeddable":true,"href":"https:\/\/www.europesays.com\/pt\/wp-json\/wp\/v2\/categories?post=95858"},{"taxonomy":"post_tag","embeddable":true,"href":"https:\/\/www.europesays.com\/pt\/wp-json\/wp\/v2\/tags?post=95858"}],"curies":[{"name":"wp","href":"https:\/\/api.w.org\/{rel}","templated":true}]}}