{"id":95862,"date":"2025-10-02T14:43:13","date_gmt":"2025-10-02T14:43:13","guid":{"rendered":"https:\/\/www.europesays.com\/pt\/95862\/"},"modified":"2025-10-02T14:43:13","modified_gmt":"2025-10-02T14:43:13","slug":"radio-educadora-90-3-fm-previsao-do-tempo-para-os-proximos-5-dias-em-santa-catarina-58","status":"publish","type":"post","link":"https:\/\/www.europesays.com\/pt\/95862\/","title":{"rendered":"R\u00e1dio Educadora 90.3 FM \u00bb Previs\u00e3o do tempo para os pr\u00f3ximos 5 dias em Santa Catarina"},"content":{"rendered":"<p>                                <a href=\"\" title=\"Previs\u00e3o do tempo para os pr\u00f3ximos 5 dias em Santa Catarina\">&#13;<br \/>\n                                    <img decoding=\"async\" src=\"https:\/\/www.europesays.com\/pt\/wp-content\/uploads\/2025\/10\/1759416188_737_whatsapp-image-2024-07-11-at-17-35-22.jpeg\" title=\"Previs\u00e3o do tempo para os pr\u00f3ximos 5 dias em Santa Catarina\" alt=\"Previs\u00e3o do tempo para os pr\u00f3ximos 5 dias em Santa Catarina\"\/>&#13;<br \/>\n                                <\/a><\/p>\n<p class=\"has-text-align-center\" style=\"text-align: center;\" data-raofz=\"16\"><strong>Elaborado em:<\/strong>\u00a002\/10\/2025 \u00e0s 05:00 \u2013 N\u00b0 275\/2025<\/p>\n<p style=\"text-align: center;\" data-raofz=\"16\">\u00a0<\/p>\n<p class=\"has-text-align-center\" style=\"text-align: center;\" data-raofz=\"16\"><strong>Meteorologista:\u00a0<\/strong>Francine Sacco<\/p>\n<p style=\"text-align: center;\" data-raofz=\"16\">\u00a0<\/p>\n<p class=\"has-text-align-center\" style=\"text-align: center;\" data-raofz=\"16\"><strong>QUINTA-FEIRA (02)<\/strong><\/p>\n<p data-raofz=\"16\">\u00a0<\/p>\n<p data-raofz=\"16\"><strong>Na quinta-feira (02),\u00a0<\/strong>tempo inst\u00e1vel em toda SC, por influ\u00eancia de \u00e1reas de baixa press\u00e3o em diferentes n\u00edveis da atmosfera combinadas ao fluxo de calor e umidade da regi\u00e3o amaz\u00f4nica e ao deslocamento de umidade do mar para o continente, provocado pelo vento de leste\/nordeste no Litoral e \u00e1reas pr\u00f3ximas. Do Extremo Oeste ao Litoral Sul, a chuva ocorre a qualquer momento do dia, na forma de pancadas acompanhadas por temporais com raios, fortes rajadas de vento e eventual precipita\u00e7\u00e3o de granizo.\u00a0<strong>O risco \u00e9 moderado a localmente alto para ocorr\u00eancias relacionadas a alagamentos e enxurradas pontuais, danos na rede el\u00e9trica e queda de galhos e \u00e1rvores.\u00a0<\/strong>No restante do Litoral, Planalto Norte e Vale do Itaja\u00ed, condi\u00e7\u00f5es para chuva persistente e por vezes intensa, resultando em\u00a0<strong>risco moderado a pontualmente alto para ocorr\u00eancias associadas a alagamentos e enxurradas pontuais.<\/strong>\u00a0<strong>\u00a0<\/strong>Durante a tarde, as temperaturas m\u00e1ximas variam entre 17\u00b0C e 24\u00b0C na maioria das regi\u00f5es.\u00a0\u00a0<\/p>\n<p data-raofz=\"16\">\u00a0<\/p>\n<p><img decoding=\"async\" loading=\"lazy\" class=\"wp-image-11884 aligncenter\" src=\"https:\/\/www.europesays.com\/pt\/wp-content\/uploads\/2025\/10\/Captura-de-tela-2025-10-01-020109-1024x699.png\"   alt=\"\" width=\"557\" height=\"380\"\/><\/p>\n<p data-raofz=\"16\">\u00a0<\/p>\n<p class=\"has-text-align-center\" style=\"text-align: center;\" data-raofz=\"16\"><strong>SEXTA-FEIRA (03)<\/strong><\/p>\n<p data-raofz=\"16\">\u00a0<\/p>\n<p data-raofz=\"16\"><strong>Na sexta-feira (03)<\/strong>, a instabilidade ganha refor\u00e7o com a forma\u00e7\u00e3o de um sistema de baixa press\u00e3o em m\u00e9dios e altos n\u00edveis da atmosfera (v\u00f3rtice cicl\u00f4nico de altos n\u00edveis) que j\u00e1 favorece a ocorr\u00eancia de pancadas de chuva e temporais do Extremo Oeste ao Litoral Sul, desde o amanhecer. Nas demais regi\u00f5es do estado, o dia come\u00e7a com chuva associada \u00e0 circula\u00e7\u00e3o mar\u00edtima e termina com condi\u00e7\u00f5es para pancadas de chuva e temporais isolados.\u00a0\u00a0<strong>O risco \u00e9 moderado a pontualmente alto para ocorr\u00eancias associadas \u00e0 alagamentos e enxurradas, destelhamentos, danos na rede el\u00e9trica e queda de galhos e \u00e1rvores.\u00a0<\/strong>Com a maior presen\u00e7a de nuvens as temperaturas n\u00e3o sobem muito e durante a tarde, variam entre 18\u00b0C e 23\u00b0C na maior parte do estado, ficando mais altas no Extremo Oeste, onde variam entre 24 e 26\u00b0C.\u00a0<\/p>\n<p data-raofz=\"16\">\u00a0<\/p>\n<p><img decoding=\"async\" loading=\"lazy\" class=\"wp-image-11885 aligncenter\" src=\"https:\/\/www.europesays.com\/pt\/wp-content\/uploads\/2025\/10\/Captura-de-tela-2025-10-01-015756-1024x696.png\"   alt=\"\" width=\"556\" height=\"378\"\/><\/p>\n<p data-raofz=\"16\">\u00a0<\/p>\n<p class=\"has-text-align-center\" style=\"text-align: center;\" data-raofz=\"16\"><strong>S\u00c1BADO (04)<\/strong><\/p>\n<p data-raofz=\"16\">\u00a0<\/p>\n<p data-raofz=\"16\">O\u00a0<strong>s\u00e1bado (04)<\/strong>\u00a0come\u00e7a com muitas nuvens em toda SC e com condi\u00e7\u00f5es para chuva isolada do centro ao leste do estado. No decorrer do dia a instabilidade se afasta para o mar, permitindo aberturas de sol. Somente o sul do estado\u00a0 permanece com chance de chuva e algumas trovoadas at\u00e9 o final da tarde. O\u00a0<strong>risco \u00e9 baixo para ocorr\u00eancias associadas \u00e0s trovoadas.<\/strong>\u00a0O vento nordeste, de intensidade moderada e com rajadas, se mant\u00e9m persistente no mar, mantendo assim a agita\u00e7\u00e3o localizada, com ondas de nordeste entre 2,0 e 2,5m.<strong>\u00a0<\/strong>As temperaturas se elevam com rela\u00e7\u00e3o ao dia anterior e \u00e0 tarde as m\u00e1ximas variam entre 26 e 28\u00b0C na maioria das regi\u00f5es.\u00a0<\/p>\n<p data-raofz=\"16\">\u00a0<\/p>\n<p><img decoding=\"async\" loading=\"lazy\" class=\"wp-image-11900 aligncenter\" src=\"https:\/\/www.europesays.com\/pt\/wp-content\/uploads\/2025\/10\/Captura-de-tela-2025-10-02-012552-1024x698.png\"   alt=\"\" width=\"556\" height=\"379\"\/><\/p>\n<p data-raofz=\"16\">\u00a0<\/p>\n<p class=\"has-text-align-center\" style=\"text-align: center;\" data-raofz=\"16\"><strong>TEND\u00caNCIA PARA OS PR\u00d3XIMOS DIAS<\/strong><\/p>\n<p data-raofz=\"16\">\u00a0<\/p>\n<p data-raofz=\"16\">No\u00a0<strong>domingo (05),<\/strong>\u00a0o sol predomina em SC e as temperaturas se elevam, em condi\u00e7\u00e3o t\u00edpica pr\u00e9-frontal. As temperaturas m\u00ednimas variam entre 14\u00b0C e 19\u00b0C no amanhecer na maioria das \u00e1reas e durante a tarde, as m\u00e1ximas superam os 30\u00b0C na maioria das regi\u00f5es, chegando aos 35\u00b0C no Extremo Oeste e no Litoral Sul. A\u00a0<strong>segunda-feira (06)<\/strong>\u00a0j\u00e1 come\u00e7a com condi\u00e7\u00f5es para pancadas de chuva e temporais nas \u00e1reas de divisa com o RS, que avan\u00e7am para o restante do estado a partir da tarde, com o avan\u00e7o de uma frente fria por SC.\u00a0<\/p>\n<p data-raofz=\"16\">\u00a0<\/p>\n<p><img decoding=\"async\" loading=\"lazy\" class=\"wp-image-7834 aligncenter\" src=\"https:\/\/www.europesays.com\/pt\/wp-content\/uploads\/2025\/08\/image-26.png\"   alt=\"\" width=\"553\" height=\"129\"\/><\/p>\n<p>\u00a0<\/p>\n<p>                Fonte: Secretaria de Estado de Prote\u00e7\u00e3o e Defesa Civil                <\/p>\n","protected":false},"excerpt":{"rendered":"&#13; &#13; Elaborado em:\u00a002\/10\/2025 \u00e0s 05:00 \u2013 N\u00b0 275\/2025 \u00a0 Meteorologista:\u00a0Francine Sacco \u00a0 QUINTA-FEIRA (02) \u00a0 Na quinta-feira&hellip;\n","protected":false},"author":2,"featured_media":88836,"comment_status":"","ping_status":"","sticky":false,"template":"","format":"standard","meta":{"footnotes":""},"categories":[141],"tags":[114,115,149,150,32,33],"class_list":{"0":"post-95862","1":"post","2":"type-post","3":"status-publish","4":"format-standard","5":"has-post-thumbnail","7":"category-musica","8":"tag-entertainment","9":"tag-entretenimento","10":"tag-music","11":"tag-musica","12":"tag-portugal","13":"tag-pt"},"share_on_mastodon":{"url":"","error":""},"_links":{"self":[{"href":"https:\/\/www.europesays.com\/pt\/wp-json\/wp\/v2\/posts\/95862","targetHints":{"allow":["GET"]}}],"collection":[{"href":"https:\/\/www.europesays.com\/pt\/wp-json\/wp\/v2\/posts"}],"about":[{"href":"https:\/\/www.europesays.com\/pt\/wp-json\/wp\/v2\/types\/post"}],"author":[{"embeddable":true,"href":"https:\/\/www.europesays.com\/pt\/wp-json\/wp\/v2\/users\/2"}],"replies":[{"embeddable":true,"href":"https:\/\/www.europesays.com\/pt\/wp-json\/wp\/v2\/comments?post=95862"}],"version-history":[{"count":0,"href":"https:\/\/www.europesays.com\/pt\/wp-json\/wp\/v2\/posts\/95862\/revisions"}],"wp:featuredmedia":[{"embeddable":true,"href":"https:\/\/www.europesays.com\/pt\/wp-json\/wp\/v2\/media\/88836"}],"wp:attachment":[{"href":"https:\/\/www.europesays.com\/pt\/wp-json\/wp\/v2\/media?parent=95862"}],"wp:term":[{"taxonomy":"category","embeddable":true,"href":"https:\/\/www.europesays.com\/pt\/wp-json\/wp\/v2\/categories?post=95862"},{"taxonomy":"post_tag","embeddable":true,"href":"https:\/\/www.europesays.com\/pt\/wp-json\/wp\/v2\/tags?post=95862"}],"curies":[{"name":"wp","href":"https:\/\/api.w.org\/{rel}","templated":true}]}}