{"id":95904,"date":"2025-10-02T15:13:07","date_gmt":"2025-10-02T15:13:07","guid":{"rendered":"https:\/\/www.europesays.com\/pt\/95904\/"},"modified":"2025-10-02T15:13:07","modified_gmt":"2025-10-02T15:13:07","slug":"queridinha-da-academia-fernanda-torres-inicia-gravacoes-de-novo-filme","status":"publish","type":"post","link":"https:\/\/www.europesays.com\/pt\/95904\/","title":{"rendered":"Queridinha da Academia, Fernanda Torres inicia grava\u00e7\u00f5es de novo filme"},"content":{"rendered":"<p><a href=\"https:\/\/www.papelpop.com\/tudo-sobre\/fernanda-torres\" rel=\"nofollow noopener\" target=\"_blank\">Fernanda Torres<\/a> anunciou nesta quarta-feira (1) o in\u00edcio das grava\u00e7\u00f5es de \u201cOs Corretores\u201d, novo filme estrelado por ela e dirigido por seu marido, Andrucha Waddington. A produ\u00e7\u00e3o ser\u00e1 um original Globoplay, assim como o tamb\u00e9m estrelado pela atriz e, vencedor do <a href=\"https:\/\/www.papelpop.com\/tudo-sobre\/oscar\" rel=\"nofollow noopener\" target=\"_blank\">Oscar<\/a> de Melhor Filme Internacional \u201c<a href=\"https:\/\/www.papelpop.com\/tudo-sobre\/ainda-estou-aqui\" rel=\"nofollow noopener\" target=\"_blank\">Ainda Estou Aqui<\/a>\u201d e tem roteiro assinado por Nanda.<\/p>\n<p>Descrito como uma com\u00e9dia tr\u00e1gica, o longa acompanha a hist\u00f3ria de um casal de agentes imobili\u00e1rios.<\/p>\n<p>\u201cOs Corretores\u201d ainda n\u00e3o possui data de lan\u00e7amento definida. Ser\u00e1 que vem a\u00ed mais uma temporada de aclama\u00e7\u00e3o e premia\u00e7\u00f5es para a nossa Golden Globes Winner?<\/p>\n<blockquote class=\"instagram-media\" style=\"background: #FFF; border: 0; border-radius: 3px; box-shadow: 0 0 1px 0 rgba(0,0,0,0.5),0 1px 10px 0 rgba(0,0,0,0.15); margin: 1px; max-width: 540px; min-width: 326px; padding: 0; width: calc(100% - 2px);\" data-instgrm-permalink=\"https:\/\/www.instagram.com\/p\/DPRqt8Tjwsk\/?utm_source=ig_embed&amp;utm_campaign=loading\" data-instgrm-version=\"14\">\n<\/blockquote>\n<p>                <script async src=\"\/\/www.instagram.com\/embed.js\"><\/script><\/p>\n","protected":false},"excerpt":{"rendered":"Fernanda Torres anunciou nesta quarta-feira (1) o in\u00edcio das grava\u00e7\u00f5es de \u201cOs Corretores\u201d, novo filme estrelado por ela&hellip;\n","protected":false},"author":2,"featured_media":95905,"comment_status":"","ping_status":"","sticky":false,"template":"","format":"standard","meta":{"footnotes":""},"categories":[140],"tags":[114,115,147,148,146,32,33],"class_list":{"0":"post-95904","1":"post","2":"type-post","3":"status-publish","4":"format-standard","5":"has-post-thumbnail","7":"category-filmes","8":"tag-entertainment","9":"tag-entretenimento","10":"tag-film","11":"tag-filmes","12":"tag-movies","13":"tag-portugal","14":"tag-pt"},"share_on_mastodon":{"url":"","error":""},"_links":{"self":[{"href":"https:\/\/www.europesays.com\/pt\/wp-json\/wp\/v2\/posts\/95904","targetHints":{"allow":["GET"]}}],"collection":[{"href":"https:\/\/www.europesays.com\/pt\/wp-json\/wp\/v2\/posts"}],"about":[{"href":"https:\/\/www.europesays.com\/pt\/wp-json\/wp\/v2\/types\/post"}],"author":[{"embeddable":true,"href":"https:\/\/www.europesays.com\/pt\/wp-json\/wp\/v2\/users\/2"}],"replies":[{"embeddable":true,"href":"https:\/\/www.europesays.com\/pt\/wp-json\/wp\/v2\/comments?post=95904"}],"version-history":[{"count":0,"href":"https:\/\/www.europesays.com\/pt\/wp-json\/wp\/v2\/posts\/95904\/revisions"}],"wp:featuredmedia":[{"embeddable":true,"href":"https:\/\/www.europesays.com\/pt\/wp-json\/wp\/v2\/media\/95905"}],"wp:attachment":[{"href":"https:\/\/www.europesays.com\/pt\/wp-json\/wp\/v2\/media?parent=95904"}],"wp:term":[{"taxonomy":"category","embeddable":true,"href":"https:\/\/www.europesays.com\/pt\/wp-json\/wp\/v2\/categories?post=95904"},{"taxonomy":"post_tag","embeddable":true,"href":"https:\/\/www.europesays.com\/pt\/wp-json\/wp\/v2\/tags?post=95904"}],"curies":[{"name":"wp","href":"https:\/\/api.w.org\/{rel}","templated":true}]}}