{"id":95914,"date":"2025-10-02T15:20:09","date_gmt":"2025-10-02T15:20:09","guid":{"rendered":"https:\/\/www.europesays.com\/pt\/95914\/"},"modified":"2025-10-02T15:20:09","modified_gmt":"2025-10-02T15:20:09","slug":"dois-homens-baleados-num-tiroteio-em-cascais","status":"publish","type":"post","link":"https:\/\/www.europesays.com\/pt\/95914\/","title":{"rendered":"Dois homens baleados num tiroteio em Cascais"},"content":{"rendered":"<p>Dois homens foram, na madrugada desta quinta-feira, baleados num bairro em Cascais. \u00a0<\/p>\n<p>A GNR foi alertada para a entrada de dois homens baleados no Servi\u00e7o de Urg\u00eancias do Hospital de Cascais. De acordo com o Jornal de Not\u00edcias, ambas as v\u00edtimas foram \u00e0 unidade hospitalar. \u00a0<\/p>\n<p>Um dos homens tinha uma bala na zona do maxilar e o outro num bra\u00e7o, e alertaram a PSP para uma troca de tiros ocorrida no Bairro 25 de Abril.\u00a0<\/p>\n<p>A for\u00e7a de seguran\u00e7a deslocou-se ao local e apreendeu\u00a0inv\u00f3lucros de calibre 9mm no ch\u00e3o.\u00a0<\/p>\n<p>Foi acionada a Pol\u00edcia Judici\u00e1ria de Lisboa para investigar e ouvir os baleados.\u00a0<\/p>\n","protected":false},"excerpt":{"rendered":"Dois homens foram, na madrugada desta quinta-feira, baleados num bairro em Cascais. \u00a0 A GNR foi alertada para&hellip;\n","protected":false},"author":2,"featured_media":95915,"comment_status":"","ping_status":"","sticky":false,"template":"","format":"standard","meta":{"footnotes":""},"categories":[10],"tags":[27,28,4644,604,15,16,14,25,26,21,22,12,13,19,20,32,23,24,33,3512,17,18,29,30,31],"class_list":{"0":"post-95914","1":"post","2":"type-post","3":"status-publish","4":"format-standard","5":"has-post-thumbnail","7":"category-portugal","8":"tag-breaking-news","9":"tag-breakingnews","10":"tag-cascais","11":"tag-crime","12":"tag-featured-news","13":"tag-featurednews","14":"tag-headlines","15":"tag-latest-news","16":"tag-latestnews","17":"tag-main-news","18":"tag-mainnews","19":"tag-news","20":"tag-noticias","21":"tag-noticias-principais","22":"tag-noticiasprincipais","23":"tag-portugal","24":"tag-principais-noticias","25":"tag-principaisnoticias","26":"tag-pt","27":"tag-tiroteio","28":"tag-top-stories","29":"tag-topstories","30":"tag-ultimas","31":"tag-ultimas-noticias","32":"tag-ultimasnoticias"},"share_on_mastodon":{"url":"","error":""},"_links":{"self":[{"href":"https:\/\/www.europesays.com\/pt\/wp-json\/wp\/v2\/posts\/95914","targetHints":{"allow":["GET"]}}],"collection":[{"href":"https:\/\/www.europesays.com\/pt\/wp-json\/wp\/v2\/posts"}],"about":[{"href":"https:\/\/www.europesays.com\/pt\/wp-json\/wp\/v2\/types\/post"}],"author":[{"embeddable":true,"href":"https:\/\/www.europesays.com\/pt\/wp-json\/wp\/v2\/users\/2"}],"replies":[{"embeddable":true,"href":"https:\/\/www.europesays.com\/pt\/wp-json\/wp\/v2\/comments?post=95914"}],"version-history":[{"count":0,"href":"https:\/\/www.europesays.com\/pt\/wp-json\/wp\/v2\/posts\/95914\/revisions"}],"wp:featuredmedia":[{"embeddable":true,"href":"https:\/\/www.europesays.com\/pt\/wp-json\/wp\/v2\/media\/95915"}],"wp:attachment":[{"href":"https:\/\/www.europesays.com\/pt\/wp-json\/wp\/v2\/media?parent=95914"}],"wp:term":[{"taxonomy":"category","embeddable":true,"href":"https:\/\/www.europesays.com\/pt\/wp-json\/wp\/v2\/categories?post=95914"},{"taxonomy":"post_tag","embeddable":true,"href":"https:\/\/www.europesays.com\/pt\/wp-json\/wp\/v2\/tags?post=95914"}],"curies":[{"name":"wp","href":"https:\/\/api.w.org\/{rel}","templated":true}]}}