{"id":95932,"date":"2025-10-02T15:36:25","date_gmt":"2025-10-02T15:36:25","guid":{"rendered":"https:\/\/www.europesays.com\/pt\/95932\/"},"modified":"2025-10-02T15:36:25","modified_gmt":"2025-10-02T15:36:25","slug":"o-crescimento-fantasma-esta-a-frustrar-os-trabalhadores-e-receita-para-o-desastre","status":"publish","type":"post","link":"https:\/\/www.europesays.com\/pt\/95932\/","title":{"rendered":"O \u201ccrescimento fantasma\u201d est\u00e1 a frustrar os trabalhadores. &#8220;\u00c9 receita para o desastre\u201d"},"content":{"rendered":"<p class=\"wp-caption-text top\"><a href=\"https:\/\/depositphotos.com\/photo\/beautiful-asian-woman-working-office-she-businesswoman-who-owns-company-614690692.html\" rel=\"nofollow noopener noreferrer\" data-wpel-link=\"exclude\" target=\"_blank\">dookdui  \/ Depositphotos <\/a><\/p>\n<p><img decoding=\"async\" loading=\"lazy\" class=\"wp-image-690116 size-kopa-image-size-3\" src=\"https:\/\/www.europesays.com\/pt\/wp-content\/uploads\/2025\/10\/2a6571da26602a67be14ea8c5ab82349-1-783x450.jpg\" alt=\"\" width=\"700\" height=\"402\"  \/><\/p>\n<p><strong>O fen\u00f3meno consiste num aumento da carga laboral que n\u00e3o se traduz numa progress\u00e3o concreta na carreira, como uma promo\u00e7\u00e3o ou um aumento.<\/strong><\/p>\n<p>Um n\u00famero crescente de trabalhadores nos EUA afirma que as suas carreiras est\u00e3o estagnadas devido ao que os especialistas chamam de \u201c<strong>crescimento fantasma<\/strong>\u201d \u2014 a ilus\u00e3o de progresso profissional sem recompensas significativas.<\/p>\n<p>De acordo com um novo <a href=\"https:\/\/www.myperfectresume.com\/career-center\/careers\/basics\/ghost-growth-career-stagnation\" data-wpel-link=\"external\" target=\"_blank\" rel=\"nofollow external noopener noreferrer\" class=\"ext-link\">inqu\u00e9rito<\/a> a 1000 trabalhadores, realizado pela plataforma de carreiras My Perfect Resume, quase dois ter\u00e7os dos inquiridos afirmaram ter experienciado este fen\u00f3meno. O crescimento fantasma manifesta-se geralmente sob a forma de responsabilidades extra ou elogios por parte dos patr\u00f5es, mas <strong>n\u00e3o gera mudan\u00e7as tang\u00edveis<\/strong>, como sal\u00e1rios mais altos, promo\u00e7\u00f5es ou mais benef\u00edcios.<\/p>\n<p>A coach de carreira Jasmine Escalera, que tamb\u00e9m j\u00e1 viveu o crescimento fantasma na sua pr\u00f3pria carreira, explica que a pr\u00e1tica \u201cparece sucesso no papel\u201d, mas, no final, acaba por <strong>desvalorizar os trabalhadores<\/strong>. \u201cDar-lhe-\u00e3o algo para se sentir satisfeito e para permanecer na empresa. Mas, na verdade, n\u00e3o lhe dar\u00e3o o cargo, o sal\u00e1rio ou a progress\u00e3o na carreira que procura\u201d, afirma \u00e0 <a href=\"https:\/\/www.cnbc.com\/2025\/10\/01\/ghost-growth-is-frustrating-and-burning-out-workers-says-new-report.html\" data-wpel-link=\"external\" target=\"_blank\" rel=\"nofollow external noopener noreferrer\" class=\"ext-link\">CNBC<\/a>.<\/p>\n<p>O inqu\u00e9rito revelou que quase metade dos trabalhadores sente que as suas carreiras estagnaram, enquanto muitos acreditam que os empregadores utilizam oportunidades superficiais para os acalmar. As consequ\u00eancias para a moral podem ser graves. Cerca de 25% dos colaboradores disseram que o crescimento fantasma <strong>os deixou frustrados<\/strong>, enquanto 20% relataram sentir-se esgotados. De forma alarmante, mais de dois ter\u00e7os disseram ter considerado demitir-se por causa disso.<\/p>\n<p>Escalera alerta que o crescimento superficial \u00e9 uma \u201creceita para o desastre\u201d no local de trabalho. \u201cOs profissionais est\u00e3o ansiosos por mostrar o seu valor\u201d, diz ela. \u201cMas se os seus esfor\u00e7os n\u00e3o levarem a mudan\u00e7as tang\u00edveis,<strong> acabar\u00e3o por desistir<\/strong>.\u201d<\/p>\n<p>Quando questionados sobre o que realmente desejam das suas carreiras, 27% dos trabalhadores apontaram os <strong>sal\u00e1rios mais elevados como a sua principal prioridade<\/strong>. Outros procuraram um melhor equil\u00edbrio entre a vida pessoal e profissional (18%) ou oportunidades para assumir cargos de chefia (16%).<\/p>\n<p>Para os empregadores, as conclus\u00f5es devem servir como \u201c<strong>um grande alerta<\/strong>\u201c, diz Escalera, que recomenda que os gestores promovam uma comunica\u00e7\u00e3o aberta sobre o desenvolvimento de carreira. \u201cSe algu\u00e9m quer desenvolver um conjunto espec\u00edfico de compet\u00eancias ou assumir a lideran\u00e7a, isso n\u00e3o pode ser apenas um trabalho de apaziguamento\u201d, acrescenta.<\/p>\n<p>Os trabalhadores que enfrentam um crescimento fantasma, aconselha, devem vir preparados com <strong>provas dos seus contributos<\/strong> e iniciar discuss\u00f5es francas com os gestores. Se n\u00e3o surgir nenhum plano concreto, pode ser altura de procurar oportunidades noutros lugares.<\/p>\n<p>Em \u00faltima an\u00e1lise, sublinha Escalera, as empresas correm o risco de <strong>perder os seus melhores talentos<\/strong> se n\u00e3o conseguirem traduzir trabalho extra em crescimento real. \u201cOs trabalhadores sabem qual \u00e9 a situa\u00e7\u00e3o agora\u201d, diz. \u201cSe as empresas n\u00e3o encontrarem uma forma de satisfazer estas necessidades, n\u00e3o conseguir\u00e3o manter os seus melhores profissionais.\u201d<\/p>\n<p>    <a href=\"https:\/\/zap.aeiou.pt\/subscrever-newsletter\" data-wpel-link=\"internal\" rel=\"nofollow noopener\" target=\"_blank\">&#13;<br \/>\n        <img loading=\"lazy\" decoding=\"async\" class=\"aligncenter size-full wp-image-575475\" src=\"https:\/\/www.europesays.com\/pt\/wp-content\/uploads\/2025\/10\/2d51fe4a0ba54894421ead1809309ed9-1-450x140.jpg\" alt=\"Subscreva a Newsletter ZAP\" width=\"450\" height=\"140\"\/>&#13;<br \/>\n    <\/a><\/p>\n<p>                <a href=\"https:\/\/whatsapp.com\/channel\/0029VaIC4EE2f3EJZPPSbR34\" data-wpel-link=\"external\" target=\"_blank\" rel=\"nofollow external noopener noreferrer\" class=\"ext-link\">&#13;<br \/>\n                    <img loading=\"lazy\" decoding=\"async\" class=\"aligncenter size-full wp-image-575475\" src=\"https:\/\/www.europesays.com\/pt\/wp-content\/uploads\/2025\/10\/c68c559d956d4ca20f435ed74a6e71e6.png\" alt=\"Siga-nos no WhatsApp\" width=\"175\" height=\"64\"\/>&#13;<br \/>\n                <\/a><\/p>\n<p>                <a href=\"https:\/\/news.google.com\/publications\/CAAiEHRwZondIV71PDjWNoqMduEqFAgKIhB0cGaJ3SFe9Tw41jaKjHbh?hl=en-US&amp;gl=US&amp;ceid=US%3Aen\" data-wpel-link=\"external\" target=\"_blank\" rel=\"nofollow external noopener noreferrer\" class=\"ext-link\">&#13;<br \/>\n                    <img loading=\"lazy\" decoding=\"async\" class=\"aligncenter size-full wp-image-575475\" src=\"https:\/\/www.europesays.com\/pt\/wp-content\/uploads\/2025\/10\/5123dd8b087b644fdb8f8603acd1bad4.png\" alt=\"Siga-nos no Google News\" width=\"176\" height=\"64\"\/>&#13;<br \/>\n                <\/a><\/p>\n","protected":false},"excerpt":{"rendered":"dookdui \/ Depositphotos O fen\u00f3meno consiste num aumento da carga laboral que n\u00e3o se traduz numa progress\u00e3o concreta&hellip;\n","protected":false},"author":2,"featured_media":95933,"comment_status":"","ping_status":"","sticky":false,"template":"","format":"standard","meta":{"footnotes":""},"categories":[83],"tags":[88,89,90,413,32,33,849],"class_list":{"0":"post-95932","1":"post","2":"type-post","3":"status-publish","4":"format-standard","5":"has-post-thumbnail","7":"category-empresas","8":"tag-business","9":"tag-economy","10":"tag-empresas","11":"tag-eua","12":"tag-portugal","13":"tag-pt","14":"tag-trabalho"},"share_on_mastodon":{"url":"","error":""},"_links":{"self":[{"href":"https:\/\/www.europesays.com\/pt\/wp-json\/wp\/v2\/posts\/95932","targetHints":{"allow":["GET"]}}],"collection":[{"href":"https:\/\/www.europesays.com\/pt\/wp-json\/wp\/v2\/posts"}],"about":[{"href":"https:\/\/www.europesays.com\/pt\/wp-json\/wp\/v2\/types\/post"}],"author":[{"embeddable":true,"href":"https:\/\/www.europesays.com\/pt\/wp-json\/wp\/v2\/users\/2"}],"replies":[{"embeddable":true,"href":"https:\/\/www.europesays.com\/pt\/wp-json\/wp\/v2\/comments?post=95932"}],"version-history":[{"count":0,"href":"https:\/\/www.europesays.com\/pt\/wp-json\/wp\/v2\/posts\/95932\/revisions"}],"wp:featuredmedia":[{"embeddable":true,"href":"https:\/\/www.europesays.com\/pt\/wp-json\/wp\/v2\/media\/95933"}],"wp:attachment":[{"href":"https:\/\/www.europesays.com\/pt\/wp-json\/wp\/v2\/media?parent=95932"}],"wp:term":[{"taxonomy":"category","embeddable":true,"href":"https:\/\/www.europesays.com\/pt\/wp-json\/wp\/v2\/categories?post=95932"},{"taxonomy":"post_tag","embeddable":true,"href":"https:\/\/www.europesays.com\/pt\/wp-json\/wp\/v2\/tags?post=95932"}],"curies":[{"name":"wp","href":"https:\/\/api.w.org\/{rel}","templated":true}]}}