{"id":961,"date":"2025-07-25T14:14:17","date_gmt":"2025-07-25T14:14:17","guid":{"rendered":"https:\/\/www.europesays.com\/pt\/961\/"},"modified":"2025-07-25T14:14:17","modified_gmt":"2025-07-25T14:14:17","slug":"joao-moura-caetano-quebra-o-silencio-sobre-o-alegado-encontro-secreto-com-catarina-miranda","status":"publish","type":"post","link":"https:\/\/www.europesays.com\/pt\/961\/","title":{"rendered":"Jo\u00e3o Moura Caetano &#8216;quebra o sil\u00eancio&#8217; sobre o alegado encontro secreto com Catarina Miranda"},"content":{"rendered":"<p>\t\t\t\t\t\t\t\t\t\t\t\t<a href=\"#\" onclick=\"window.open('http:\/\/www.facebook.com\/sharer.php?u=https:\/\/cusquices.com\/joao-moura-caetano-quebra-o-silencio-sobre-o-alegado-encontro-secreto-com-catarina-miranda\/&amp;t=Jo\u00e3o Moura Caetano \u2018quebra o sil\u00eancio\u2019 sobre o alegado encontro secreto com Catarina Miranda', 'facebookShare', 'width=626,height=436'); return false;\" title=\"Share on Facebook\"><\/p>\n<p>Share<\/p>\n<p><\/a><br \/>\n\t\t\t\t\t\t\t\t\t\t\t\t<a href=\"#\" onclick=\"window.open('http:\/\/twitter.com\/share?text=Jo\u00e3o Moura Caetano \u2018quebra o sil\u00eancio\u2019 sobre o alegado encontro secreto com Catarina Miranda -&amp;url=https:\/\/cusquices.com\/joao-moura-caetano-quebra-o-silencio-sobre-o-alegado-encontro-secreto-com-catarina-miranda\/', 'twitterShare', 'width=626,height=436'); return false;\" title=\"Tweet This Post\"><\/p>\n<p>Tweet<\/p>\n<p><\/a><br \/>\n\t\t\t\t\t\t\t\t\t\t\t\t<a href=\"whatsapp:\/\/send?text=Jo\u00e3o Moura Caetano \u2018quebra o sil\u00eancio\u2019 sobre o alegado encontro secreto com Catarina Miranda https:\/\/cusquices.com\/joao-moura-caetano-quebra-o-silencio-sobre-o-alegado-encontro-secreto-com-catarina-miranda\/\" rel=\"nofollow\"><\/p>\n<p>Share<\/p>\n<p><\/a><br \/>\n\t\t\t\t\t\t\t\t\t\t\t\t<a href=\"#\" onclick=\"window.open('http:\/\/pinterest.com\/pin\/create\/button\/?url=https:\/\/cusquices.com\/joao-moura-caetano-quebra-o-silencio-sobre-o-alegado-encontro-secreto-com-catarina-miranda\/&amp;media=https:\/\/cusquices.com\/wp-content\/uploads\/2025\/07\/joaomc-miranda-1000x600.jpg&amp;description=Jo\u00e3o Moura Caetano \u2018quebra o sil\u00eancio\u2019 sobre o alegado encontro secreto com Catarina Miranda', 'pinterestShare', 'width=750,height=350'); return false;\" title=\"Pin This Post\"><\/p>\n<p>Share<\/p>\n<p><\/a><br \/>\n\t\t\t\t\t\t\t\t\t\t\t\t<a href=\"mailto:?subject=Jo\u00e3o Moura Caetano \u2018quebra o sil\u00eancio\u2019 sobre o alegado encontro secreto com Catarina Miranda&amp;BODY=I found this article interesting and thought of sharing it with you. Check it out: https:\/\/cusquices.com\/joao-moura-caetano-quebra-o-silencio-sobre-o-alegado-encontro-secreto-com-catarina-miranda\/\"><\/p>\n<p>Email<\/p>\n<p><\/a><br \/>\n\t\t\t\t\t\t\t\t\t\t\t\t\t\t\t\t\t\t\t\t\t\t\t\t\t\t\t\t\t\t\t\t\t\t\t\t\t\t\t\t\t\t\t\t\t\t\t\t\t\t\t\t\t<a href=\"https:\/\/cusquices.com\/joao-moura-caetano-quebra-o-silencio-sobre-o-alegado-encontro-secreto-com-catarina-miranda\/#respond\" rel=\"nofollow noopener\" target=\"_blank\"><\/p>\n<p><strong>Catarina Miranda <\/strong>usou o nome de\u00a0<strong>Jo\u00e3o Moura Caetano\u00a0<\/strong>por diversas vezes, como arma de provoca\u00e7\u00e3o contra\u00a0<strong>Lu\u00edza Abreu<\/strong>\u00a0dentro da casa do<strong>\u00a0Big Brother Ver\u00e3o.\u00a0<\/strong>O tema continua a dar que falar e surgiram not\u00edcias que <a href=\"https:\/\/cusquices.com\/afinal-o-que-se-passou-entre-catarina-miranda-e-joao-moura-caetano-saiba-tudo\/\" rel=\"nofollow noopener\" target=\"_blank\">a jovem de Almeirim encontrou <strong>Jo\u00e3o Moura Caetano<\/strong> e que Lu\u00edza n\u00e3o gostou nada destes encontros.<\/a><\/p>\n<p><strong>\u201cEles encontraram-se pessoalmente, mas como amigos, aten\u00e7\u00e3o.Nunca aconteceu nada entre eles\u201d<\/strong>,revelou uma fonte \u00e0 TV Guia, que esclareceu ainda: <strong>\u201cQuando ela soube, n\u00e3o gostou nada, at\u00e9 porque nunca foi \u00e0 bola com a Catarina e \u00e9 \u00f3bvio que n\u00e3o foi do agrado dela saber que o namorado esteve com uma pessoa como a Catarina. Houve discuss\u00f5es e tudo por causa disso\u201d.<\/strong><\/p>\n<p>Na \u00e9poca da not\u00edcia, Jo\u00e3o Moura Caetano n\u00e3o se quis pronunciar sobre o tema: \u201c<strong>Isso nem \u00e9 assunto, porque qualquer pessoa que eu conhe\u00e7a, ou de que seja amigo, s\u00e3o coisas da vida pessoal. Nunca comento nada dos meus amigos, nem de pessoas que me perguntam se sou amigo ou n\u00e3o. Isso s\u00e3o coisas que n\u00e3o t\u00eam qualquer interesse<\/strong>\u201c.<\/p>\n<p>Em conversa com a <strong>TV7 Dias, Jo\u00e3o Moura Caetano<\/strong>, falou pela primeira vez dos alegados encontros secretos com <strong>Catarina Miranda: \u201cEra o que faltava eu n\u00e3o poder ter amigos ou conhecidos. Isso \u00e9 um n\u00e3o assunto. O que posso adiantar em rela\u00e7\u00e3o \u00e0 not\u00edcia maluca que saiu, \u00e9 que nunca houve algum \u2018frisson\u2019 entre mim e a Luiza por qualquer tema desses.\u201d<\/strong><\/p>\n<p>O toureiro reagiu ainda as quez\u00edlias de Lu\u00edza e Miranda no jogo: <strong>\u201cElas est\u00e3o num jogo, n\u00e3o \u00e9? \u00c9 normal gostar mais de algumas pessoas que jogam de uma maneira e gostar menos de outras que v\u00e3o contra a pessoa e que tentam chatear. A Luiza sabe bem que est\u00e1 num simples jogo de dois meses.\u201d<\/strong><\/p>\n<p>\t\t\t\t\t\t\t\t\t\t\t\t\t\t\t\t\t\t\t\t\t\t\t\t\t<img decoding=\"async\" src=\"https:\/\/www.europesays.com\/pt\/wp-content\/uploads\/2025\/07\/cusquices-logo-52x.png\" class=\"webpexpress-processed\"\/><\/p>\n<p>\t\t\t\t\t\t\t\t\t\t\t\t\t\t\t\t\t\t\t\t\t            \t\t\t\t\t\t\t\t\t\t\t\t\t\t\t\t\t\t\t\t\t\t\t\t\t\t\t\t\t\t\t\t\t\t\t\t\t\t\t<script async src=\"https:\/\/platform.twitter.com\/widgets.js\" charset=\"utf-8\"><\/script><\/p>\n","protected":false},"excerpt":{"rendered":"Share Tweet Share Share Email Catarina Miranda usou o nome de\u00a0Jo\u00e3o Moura Caetano\u00a0por diversas vezes, como arma de&hellip;\n","protected":false},"author":2,"featured_media":962,"comment_status":"","ping_status":"","sticky":false,"template":"","format":"standard","meta":{"footnotes":""},"categories":[85],"tags":[48,342,49,114,115,841,32,33],"class_list":{"0":"post-961","1":"post","2":"type-post","3":"status-publish","4":"format-standard","5":"has-post-thumbnail","7":"category-entretenimento","8":"tag-big-brother","9":"tag-catarina-miranda","10":"tag-destaques","11":"tag-entertainment","12":"tag-entretenimento","13":"tag-luiza-abreu","14":"tag-portugal","15":"tag-pt"},"share_on_mastodon":{"url":"","error":""},"_links":{"self":[{"href":"https:\/\/www.europesays.com\/pt\/wp-json\/wp\/v2\/posts\/961","targetHints":{"allow":["GET"]}}],"collection":[{"href":"https:\/\/www.europesays.com\/pt\/wp-json\/wp\/v2\/posts"}],"about":[{"href":"https:\/\/www.europesays.com\/pt\/wp-json\/wp\/v2\/types\/post"}],"author":[{"embeddable":true,"href":"https:\/\/www.europesays.com\/pt\/wp-json\/wp\/v2\/users\/2"}],"replies":[{"embeddable":true,"href":"https:\/\/www.europesays.com\/pt\/wp-json\/wp\/v2\/comments?post=961"}],"version-history":[{"count":0,"href":"https:\/\/www.europesays.com\/pt\/wp-json\/wp\/v2\/posts\/961\/revisions"}],"wp:featuredmedia":[{"embeddable":true,"href":"https:\/\/www.europesays.com\/pt\/wp-json\/wp\/v2\/media\/962"}],"wp:attachment":[{"href":"https:\/\/www.europesays.com\/pt\/wp-json\/wp\/v2\/media?parent=961"}],"wp:term":[{"taxonomy":"category","embeddable":true,"href":"https:\/\/www.europesays.com\/pt\/wp-json\/wp\/v2\/categories?post=961"},{"taxonomy":"post_tag","embeddable":true,"href":"https:\/\/www.europesays.com\/pt\/wp-json\/wp\/v2\/tags?post=961"}],"curies":[{"name":"wp","href":"https:\/\/api.w.org\/{rel}","templated":true}]}}