{"id":96135,"date":"2025-10-02T18:58:27","date_gmt":"2025-10-02T18:58:27","guid":{"rendered":"https:\/\/www.europesays.com\/pt\/96135\/"},"modified":"2025-10-02T18:58:27","modified_gmt":"2025-10-02T18:58:27","slug":"irmao-russo-partilham-imagem-que-fas-acreditam-sugerir-os-x-men","status":"publish","type":"post","link":"https:\/\/www.europesays.com\/pt\/96135\/","title":{"rendered":"Irm\u00e3o russo partilham imagem que f\u00e3s acreditam sugerir os X-Men"},"content":{"rendered":"<p>Os irm\u00e3os Russo partilharam uma nova foto do que parece ser o set de <a href=\"https:\/\/www.ign.com\/movies\/avengers-doomsday\" rel=\"noopener nofollow\" target=\"_blank\">Avengers: Doomsday<\/a>, acompanhada da enigm\u00e1tica legenda: &#8220;look hard&#8221; (olhem com aten\u00e7\u00e3o).<\/p>\n<p>Relacionado<a href=\"https:\/\/pt.ign.com\/avengers-doomsday\/150657\/news\/avengers-doomsday-leak-revela-uniformes-dos-x-men-e-alinhamento-completo-dos-herois\" class=\"recirc_odd\" rel=\"nofollow noopener\" target=\"_blank\"><img decoding=\"async\" class=\"image\" src=\"https:\/\/www.europesays.com\/pt\/wp-content\/uploads\/2025\/10\/avengers-doomsday-leak-just-revealed-first-look-at-28-charac_srzq.640.jpg\" alt=\"Avengers: Doomsday: Leak revela uniformes dos X-Men e alinhamento completo dos her\u00f3is\"\/>Avengers: Doomsday: Leak revela uniformes dos X-Men e alinhamento completo dos her\u00f3is<\/a><\/p>\n<p>A imagem, em preto e branco, mostra um dos realizadores sentado de costas numa cadeira de diretor, rodeado de objetos cuidadosamente posicionados que parecem formar letras. Para os f\u00e3s mais atentos, a cena parece familiar: em setembro de 2018, durante a produ\u00e7\u00e3o de Avengers: Endgame, os Russo partilharam uma fotografia praticamente id\u00eantica \u2014 tamb\u00e9m monocrom\u00e1tica, com objetos dispostos de forma a sugerir letras \u2014 com a mesma legenda.<\/p>\n<p>Na altura, os f\u00e3s conseguiram decifrar o t\u00edtulo do filme a partir daquelas letras, identificando um &#8220;A&#8221; e um &#8220;E&#8221; escondidos. Mas agora, o nome Avengers: Doomsday j\u00e1 \u00e9 conhecido. Ent\u00e3o, o que estar\u00e3o os Russo a insinuar desta vez?<\/p>\n<p>Nas discuss\u00f5es no <a href=\"https:\/\/www.reddit.com\/r\/MarvelStudiosSpoilers\/comments\/1nui5i5\/the_russo_brothers_share_a_cryptic_image_on_ig\/\" rel=\"noopener nofollow\" target=\"_blank\">reddit<\/a>, muitos acreditam ver um &#8220;A&#8221; e um &#8220;X&#8221; de cada lado da imagem, com uma forma em &#8220;V&#8221; ao centro. A conclus\u00e3o parece inevit\u00e1vel: ser\u00e1 uma refer\u00eancia a um confronto Avengers vs. X-Men, o t\u00e3o falado \u201cAvX\u201d que j\u00e1 circula entre os rumores h\u00e1 meses?<\/p>\n<p>O cen\u00e1rio n\u00e3o seria descabido. A Marvel confirmou que v\u00e1rios atores da era Fox regressam em Avengers: Doomsday, incluindo Patrick Stewart como Professor X, Kelsey Grammer como Beast, James Marsden como Cyclops, Rebecca Romijn como Mystique e Ian McKellen como Magneto. No entanto, o papel exato dos mutantes na narrativa continua em segredo.<\/p>\n<p>Alan Cumming, que volta a interpretar Nightcrawler, admitiu que gravou cenas de luta que poderiam envolver Pedro Pascal como Mr. Fantastic, embora depois tenha afirmado que muito do trabalho foi feito em green screen, sem saber exatamente contra quem contracenava. Isso refor\u00e7a a ideia de que os Vingadores e os X-Men podem mesmo cruzar punhos.<\/p>\n<p>Uma batalha deste g\u00e9nero faria sentido se os Avengers chegassem ao universo dos X-Men e fossem vistos como uma amea\u00e7a, sobretudo se Robert Downey Jr., no papel de Doctor Doom, estiver a manipular as duas equipas uma contra a outra. Vale recordar que Monica Rambeau (Teyonah Parris) foi parar ao universo dos mutantes no final de The Marvels, onde surgiu ao lado de Beast.<\/p>\n<p>A grande d\u00favida \u00e9 se este enigma visual dos Russo \u00e9 apenas um piscar de olho aos f\u00e3s ou se est\u00e1 a preparar terreno para algo maior. \u00c9 pouco prov\u00e1vel que o filme sofra uma mudan\u00e7a de t\u00edtulo \u00e0 \u00faltima hora para Avengers vs. X-Men, mas alguns j\u00e1 sugerem que a hist\u00f3ria parece demasiado ambiciosa para caber em apenas dois filmes, Doomsday e Avengers: Secret Wars.<\/p>\n<p>Seja um teaser de Avengers vs. X-Men ou apenas mais um jogo de sombras dos Russo, a expectativa em torno de Avengers: Doomsday continua a crescer. O filme estreia em dezembro de 2026 e promete ser o maior evento cinem\u00e1tico de sempre no UCM.<\/p>\n","protected":false},"excerpt":{"rendered":"Os irm\u00e3os Russo partilharam uma nova foto do que parece ser o set de Avengers: Doomsday, acompanhada da&hellip;\n","protected":false},"author":2,"featured_media":96136,"comment_status":"","ping_status":"","sticky":false,"template":"","format":"standard","meta":{"footnotes":""},"categories":[140],"tags":[114,115,147,148,146,32,33],"class_list":{"0":"post-96135","1":"post","2":"type-post","3":"status-publish","4":"format-standard","5":"has-post-thumbnail","7":"category-filmes","8":"tag-entertainment","9":"tag-entretenimento","10":"tag-film","11":"tag-filmes","12":"tag-movies","13":"tag-portugal","14":"tag-pt"},"share_on_mastodon":{"url":"","error":""},"_links":{"self":[{"href":"https:\/\/www.europesays.com\/pt\/wp-json\/wp\/v2\/posts\/96135","targetHints":{"allow":["GET"]}}],"collection":[{"href":"https:\/\/www.europesays.com\/pt\/wp-json\/wp\/v2\/posts"}],"about":[{"href":"https:\/\/www.europesays.com\/pt\/wp-json\/wp\/v2\/types\/post"}],"author":[{"embeddable":true,"href":"https:\/\/www.europesays.com\/pt\/wp-json\/wp\/v2\/users\/2"}],"replies":[{"embeddable":true,"href":"https:\/\/www.europesays.com\/pt\/wp-json\/wp\/v2\/comments?post=96135"}],"version-history":[{"count":0,"href":"https:\/\/www.europesays.com\/pt\/wp-json\/wp\/v2\/posts\/96135\/revisions"}],"wp:featuredmedia":[{"embeddable":true,"href":"https:\/\/www.europesays.com\/pt\/wp-json\/wp\/v2\/media\/96136"}],"wp:attachment":[{"href":"https:\/\/www.europesays.com\/pt\/wp-json\/wp\/v2\/media?parent=96135"}],"wp:term":[{"taxonomy":"category","embeddable":true,"href":"https:\/\/www.europesays.com\/pt\/wp-json\/wp\/v2\/categories?post=96135"},{"taxonomy":"post_tag","embeddable":true,"href":"https:\/\/www.europesays.com\/pt\/wp-json\/wp\/v2\/tags?post=96135"}],"curies":[{"name":"wp","href":"https:\/\/api.w.org\/{rel}","templated":true}]}}