{"id":96184,"date":"2025-10-02T19:40:11","date_gmt":"2025-10-02T19:40:11","guid":{"rendered":"https:\/\/www.europesays.com\/pt\/96184\/"},"modified":"2025-10-02T19:40:11","modified_gmt":"2025-10-02T19:40:11","slug":"familia-de-cesar-tralli-e-ticiane-revelam-complicacoes-com-novo-emprego-um-susto","status":"publish","type":"post","link":"https:\/\/www.europesays.com\/pt\/96184\/","title":{"rendered":"Fam\u00edlia de C\u00e9sar Tralli e Ticiane revelam complica\u00e7\u00f5es com novo emprego: \u201cUm susto\u201d"},"content":{"rendered":"<p>                            <img width=\"944\" height=\"531\" src=\"https:\/\/www.europesays.com\/pt\/wp-content\/uploads\/2025\/10\/ticiane-944x531.jpg\" class=\"attachment-custom-large size-custom-large article-featured-image\" alt=\"\" fetchpriority=\"high\" decoding=\"async\"  \/><\/p>\n<p>Ticiane Pinheiro fala sobre rotina na ponte a\u00e9rea com C\u00e9sar Tralli: &#8220;N\u00e3o \u00e9 facil&#8221;. (Foto: Redes sociais\/Reprodu\u00e7\u00e3o)<\/p>\n<p>Ticiane Pinheiro revelou, em uma entrevista durante evento da marca de moda Charry, que a ida de C\u00e9sar Tralli para o Jornal Nacional tem impactado a fam\u00edlia. A partir de novembro, a apresentadora vai conviver com a rotina da ponte a\u00e9rea Rio-S\u00e3o Paulo, enquanto o ele se dedica ao novo desafio profissional.<\/p>\n<p>Continua depois da publicidade<\/p>\n<p>\u2014 Por enquanto n\u00e3o penso em me mudar. Um dia vamos estar todos juntos, porque n\u00e3o \u00e9 f\u00e1cil ficar na ponte a\u00e9rea. Foi um susto para todo mundo. Mas ele vai vir todo final de semana para S\u00e3o Paulo \u2014 contou\u00a0<a href=\"https:\/\/www.instagram.com\/ticipinheiro\/?hl=pt-br\" rel=\"nofollow noopener\" target=\"_blank\">Ticiane<\/a>\u00a0ao Globo, durante um evento da marca de moda Charry, em S\u00e3o Paulo.<\/p>\n<p><a href=\"https:\/\/cbntotal.com.br\/cotidiano\/ticiane-pinheiro-fala-sobre-rotina-na-ponte-aerea-com-cesar-tralli-nao-e-facil\/\" rel=\"nofollow noopener\" target=\"_blank\"><strong>Leia a reportagem completa de CBN Total.<\/strong><\/a><\/p>\n<p>                    <script async src=\"\/\/www.instagram.com\/embed.js\"><\/script><\/p>\n","protected":false},"excerpt":{"rendered":"Ticiane Pinheiro fala sobre rotina na ponte a\u00e9rea com C\u00e9sar Tralli: &#8220;N\u00e3o \u00e9 facil&#8221;. (Foto: Redes sociais\/Reprodu\u00e7\u00e3o) Ticiane&hellip;\n","protected":false},"author":2,"featured_media":96185,"comment_status":"","ping_status":"","sticky":false,"template":"","format":"standard","meta":{"footnotes":""},"categories":[145],"tags":[211,210,829,114,115,32,33],"class_list":{"0":"post-96184","1":"post","2":"type-post","3":"status-publish","4":"format-standard","5":"has-post-thumbnail","7":"category-celebridades","8":"tag-celebridades","9":"tag-celebrities","10":"tag-conteudo-liberado","11":"tag-entertainment","12":"tag-entretenimento","13":"tag-portugal","14":"tag-pt"},"share_on_mastodon":{"url":"","error":""},"_links":{"self":[{"href":"https:\/\/www.europesays.com\/pt\/wp-json\/wp\/v2\/posts\/96184","targetHints":{"allow":["GET"]}}],"collection":[{"href":"https:\/\/www.europesays.com\/pt\/wp-json\/wp\/v2\/posts"}],"about":[{"href":"https:\/\/www.europesays.com\/pt\/wp-json\/wp\/v2\/types\/post"}],"author":[{"embeddable":true,"href":"https:\/\/www.europesays.com\/pt\/wp-json\/wp\/v2\/users\/2"}],"replies":[{"embeddable":true,"href":"https:\/\/www.europesays.com\/pt\/wp-json\/wp\/v2\/comments?post=96184"}],"version-history":[{"count":0,"href":"https:\/\/www.europesays.com\/pt\/wp-json\/wp\/v2\/posts\/96184\/revisions"}],"wp:featuredmedia":[{"embeddable":true,"href":"https:\/\/www.europesays.com\/pt\/wp-json\/wp\/v2\/media\/96185"}],"wp:attachment":[{"href":"https:\/\/www.europesays.com\/pt\/wp-json\/wp\/v2\/media?parent=96184"}],"wp:term":[{"taxonomy":"category","embeddable":true,"href":"https:\/\/www.europesays.com\/pt\/wp-json\/wp\/v2\/categories?post=96184"},{"taxonomy":"post_tag","embeddable":true,"href":"https:\/\/www.europesays.com\/pt\/wp-json\/wp\/v2\/tags?post=96184"}],"curies":[{"name":"wp","href":"https:\/\/api.w.org\/{rel}","templated":true}]}}