{"id":96200,"date":"2025-10-02T19:53:29","date_gmt":"2025-10-02T19:53:29","guid":{"rendered":"https:\/\/www.europesays.com\/pt\/96200\/"},"modified":"2025-10-02T19:53:29","modified_gmt":"2025-10-02T19:53:29","slug":"sondagem-da-empate-entre-carlos-moedas-e-alexandra-leitao-observador","status":"publish","type":"post","link":"https:\/\/www.europesays.com\/pt\/96200\/","title":{"rendered":"Sondagem d\u00e1 empate entre Carlos Moedas e Alexandra Leit\u00e3o \u2013 Observador"},"content":{"rendered":"<p>Siga <a href=\"https:\/\/observador.pt\/liveblogs\/lideres-partidarios-mais-a-sul-no-segundo-dia-de-campanha-oficial\/#liveblog-entry-730636\" target=\"_blank\" rel=\"noopener nofollow\">aqui<\/a> o nosso liveblog de pol\u00edtica<\/p>\n<p>O atual presidente da C\u00e2mara Municipal de Lisboa e a candidata socialista \u00e0 autarquia surgem empatados na mais recente sondagem do ICS\/ISCTE para o\u00a0<a href=\"https:\/\/expresso.pt\/politica\/eleicoes\/autarquicas-2025\/2025-10-01-sondagem-da-empate-em-lisboa-carlos-moedas-desce-e-alexandra-leitao-apanha-o-nas-intencoes-de-voto-d6066186\" target=\"_blank\" rel=\"noopener nofollow ugc\">Expresso\/SIC<\/a>. Carlos Moedas, candidato a um segundo mandato, desce nas inten\u00e7\u00f5es de voto face ao inqu\u00e9rito anterior, enquanto Alexandra Leit\u00e3o mant\u00e9m o mesmo resultado.<\/p>\n<p>Carlos Moedas, que \u00e9 apoiado pela Alian\u00e7a Democr\u00e1tica e a Iniciativa Liberal, conseguiu 28% das inten\u00e7\u00f5es de voto, menos dois pontos do que na sondagem do fim de julho. Tamb\u00e9m Alexandra Leit\u00e3o, que conta com o apoio do Livre, Bloco de Esquerda e PAN, assegurou 28%. H\u00e1 uma ligeira diferen\u00e7a quando se inclui a distribui\u00e7\u00e3o dos indecisos, mas mant\u00e9m-se o empate t\u00e9cnico: Moedas aparece um ponto \u00e0 frente (36%) de Alexandra Leit\u00e3o (35%).<\/p>\n<p>Bruno Mascarenhas, candidato do Chega, sobe tr\u00eas pontos percentuais face aos resultados de julho e alcan\u00e7a 13% das inten\u00e7\u00f5es de voto (16% com a distribui\u00e7\u00e3o de indecisos). Jo\u00e3o Ferreira, da CDU, sobe um ponto percentual face aos resultados do ver\u00e3o e chega aos 5% (6% com distribui\u00e7\u00e3o de indecisos).<\/p>\n<p>Adelaide Ferreira, do ADN, e Ossanda L\u00edber, da Nova Direita, conseguem cerca de 1% de inten\u00e7\u00f5es diretas de voto. As candidaturas do Volt Portugal e da coliga\u00e7\u00e3o entre PPM-PTP aparecem apenas na categoria de \u201coutros\u201d, com 1% das inten\u00e7\u00f5es.<\/p>\n<p>Os resultados mostram tamb\u00e9m uma descida no n\u00famero de indecisos: s\u00e3o 11%, menos um ponto que em julho.<\/p>\n<p>A sondagem do ICS\/ISCTE foi realizada entre 13 e 23 de setembro, j\u00e1 depois do acidente com o Elevador da Gl\u00f3ria. Pelo meio decorreu o primeiro debate televisivo dos candidatos \u00e0 C\u00e2mara Municipal de Lisboa, na SIC.<\/p>\n<p class=\"p1\"><b>[O que realmente se passou nas elei\u00e7\u00f5es presidenciais de 1986, as primeiras e \u00fanicas decididas a duas voltas? Uma hist\u00f3ria de truques sujos, acordos secretos, agress\u00f5es e d\u00favida at\u00e9 ao fim.\u00a0<\/b><b>A\u00a0<a href=\"https:\/\/observador.pt\/programas\/a-eleio-mais-louca-de-sempre\/estreia-a-eleicao-mais-louca-de-sempre-episodio-1-apostamos-no-cavalo-errado\/\" rel=\"nofollow noopener\" target=\"_blank\">\u201cElei\u00e7\u00e3o Mais Louca de Sempre\u201d<\/a>\u00a0\u00e9 o novo Podcast Plus do Observador. Uma s\u00e9rie narrada pelo ator Gon\u00e7alo Waddington, com banda sonora original de Samuel \u00daria.\u00a0<\/b><b>Ou\u00e7a\u00a0<\/b><b>o primeiro epis\u00f3dio no\u00a0<a href=\"https:\/\/observador.pt\/programas\/a-eleio-mais-louca-de-sempre\/estreia-a-eleicao-mais-louca-de-sempre-episodio-1-apostamos-no-cavalo-errado\/\" rel=\"nofollow noopener\" target=\"_blank\">site do Observador<\/a><\/b><b>, na\u00a0<\/b><a href=\"https:\/\/podcasts.apple.com\/pt\/podcast\/estreia-a-elei%C3%A7%C3%A3o-mais-louca-de-sempre-epis%C3%B3dio\/id1841273464?i=1000729172700\" rel=\"nofollow noopener\" target=\"_blank\"><b>Apple Podcasts<\/b><\/a><b>, no\u00a0<\/b><a href=\"https:\/\/open.spotify.com\/episode\/1ZnSZVNjPXTiIv6QWsJVmX?si=401c9fba9c694f9e\" rel=\"nofollow noopener\" target=\"_blank\"><b>Spotify<\/b><\/a><b>\u00a0e no\u00a0<\/b><a href=\"https:\/\/music.youtube.com\/watch?v=KpoeAs0qyz4&amp;si=5czSgRF-P1DnAFK4\" rel=\"nofollow noopener\" target=\"_blank\"><b>Youtube Music<\/b><\/a><b>.]<\/b><\/p>\n<p class=\"p1\"><b><\/b><a href=\"https:\/\/observador.pt\/programas\/a-eleio-mais-louca-de-sempre\/estreia-a-eleicao-mais-louca-de-sempre-episodio-1-apostamos-no-cavalo-errado\/\" rel=\"nofollow noopener\" target=\"_blank\"><\/p>\n<p>        <img src=\"https:\/\/www.europesays.com\/pt\/wp-content\/uploads\/2025\/10\/770-a-eleicao-mais-louca-de-sempre.jpg\" alt=\"\" loading=\"lazy\" decoding=\"async\" class=\"alignnone\" onload=\"this.parentElement.classList.remove('spinner')\" onerror=\"this.parentElement.classList.remove('spinner')\" width=\"770\" height=\"433\"\/>    <\/p>\n<p><\/a><\/p>\n<p>                            Se tiver uma hist\u00f3ria que queira partilhar sobre irregularidades na sua autarquia, preencha<br \/>\n                            <a href=\"https:\/\/forms.gle\/uQ1gDpSwmRd7ezUf8\" target=\"_blank\" rel=\"noopener noreferrer nofollow\">este formul\u00e1rio an\u00f3nimo<\/a>.<\/p>\n","protected":false},"excerpt":{"rendered":"Siga aqui o nosso liveblog de pol\u00edtica O atual presidente da C\u00e2mara Municipal de Lisboa e a candidata&hellip;\n","protected":false},"author":2,"featured_media":96201,"comment_status":"","ping_status":"","sticky":false,"template":"","format":"standard","meta":{"footnotes":""},"categories":[8],"tags":[2163,27,28,1077,15,16,14,25,26,21,22,12,13,19,20,1708,302,32,23,24,33,58,7585,17,18,29,30,31],"class_list":{"0":"post-96200","1":"post","2":"type-post","3":"status-publish","4":"format-standard","5":"has-post-thumbnail","7":"category-principais-noticias","8":"tag-autu00e1rquicas-2025","9":"tag-breaking-news","10":"tag-breakingnews","11":"tag-eleiu00e7u00f5es","12":"tag-featured-news","13":"tag-featurednews","14":"tag-headlines","15":"tag-latest-news","16":"tag-latestnews","17":"tag-main-news","18":"tag-mainnews","19":"tag-news","20":"tag-noticias","21":"tag-noticias-principais","22":"tag-noticiasprincipais","23":"tag-partidos-e-movimentos","24":"tag-polu00edtica","25":"tag-portugal","26":"tag-principais-noticias","27":"tag-principaisnoticias","28":"tag-pt","29":"tag-sociedade","30":"tag-sondagens","31":"tag-top-stories","32":"tag-topstories","33":"tag-ultimas","34":"tag-ultimas-noticias","35":"tag-ultimasnoticias"},"share_on_mastodon":{"url":"","error":""},"_links":{"self":[{"href":"https:\/\/www.europesays.com\/pt\/wp-json\/wp\/v2\/posts\/96200","targetHints":{"allow":["GET"]}}],"collection":[{"href":"https:\/\/www.europesays.com\/pt\/wp-json\/wp\/v2\/posts"}],"about":[{"href":"https:\/\/www.europesays.com\/pt\/wp-json\/wp\/v2\/types\/post"}],"author":[{"embeddable":true,"href":"https:\/\/www.europesays.com\/pt\/wp-json\/wp\/v2\/users\/2"}],"replies":[{"embeddable":true,"href":"https:\/\/www.europesays.com\/pt\/wp-json\/wp\/v2\/comments?post=96200"}],"version-history":[{"count":0,"href":"https:\/\/www.europesays.com\/pt\/wp-json\/wp\/v2\/posts\/96200\/revisions"}],"wp:featuredmedia":[{"embeddable":true,"href":"https:\/\/www.europesays.com\/pt\/wp-json\/wp\/v2\/media\/96201"}],"wp:attachment":[{"href":"https:\/\/www.europesays.com\/pt\/wp-json\/wp\/v2\/media?parent=96200"}],"wp:term":[{"taxonomy":"category","embeddable":true,"href":"https:\/\/www.europesays.com\/pt\/wp-json\/wp\/v2\/categories?post=96200"},{"taxonomy":"post_tag","embeddable":true,"href":"https:\/\/www.europesays.com\/pt\/wp-json\/wp\/v2\/tags?post=96200"}],"curies":[{"name":"wp","href":"https:\/\/api.w.org\/{rel}","templated":true}]}}