{"id":96214,"date":"2025-10-02T20:06:07","date_gmt":"2025-10-02T20:06:07","guid":{"rendered":"https:\/\/www.europesays.com\/pt\/96214\/"},"modified":"2025-10-02T20:06:07","modified_gmt":"2025-10-02T20:06:07","slug":"autarquicas-lisboa-sondagem-aponta-empate-tecnico-entre-alexandra-leitao-e-carlos-moedas","status":"publish","type":"post","link":"https:\/\/www.europesays.com\/pt\/96214\/","title":{"rendered":"Aut\u00e1rquicas Lisboa. Sondagem aponta empate t\u00e9cnico entre Alexandra Leit\u00e3o e Carlos Moedas"},"content":{"rendered":"<p>                    <b>A candidata do PS, Livre, Bloco de Esquerda e PAN, Alexandra Leit\u00e3o, tem 36% das inten\u00e7\u00f5es de voto. O atual presidente, Carlos Moedas, que encabe\u00e7a a coliga\u00e7\u00e3o PSD, CDS e Iniciativa Liberal surge logo de seguida com 35% das inten\u00e7\u00f5es de voto.<br \/>&#13;<br \/>\n<\/b><br \/>\n<br \/>\nA diferen\u00e7a \u00e9 m\u00ednima e traduz-se num empate t\u00e9cnico por se encontrar dentro da margem de erro. A hip\u00f3tese de uma maioria absoluta parece estar, assim, afastada na C\u00e2mara da capital.<br \/>\n<b><br \/>&#13;<br \/>\nO Chega surge como terceira for\u00e7a pol\u00edtica (12%) e a CDU como quarta (8%).<\/b> A quinta for\u00e7a pol\u00edtica nesta sondagem \u00e9 a \u201cDemocr\u00e1tica Alian\u00e7a &#8211; Coliga\u00e7\u00e3o PPM\/PTP\u201d. \u201cEste \u00e9 um resultado que causa surpresa e merece ser destacado\u201d, l\u00ea-se no relat\u00f3rio, que ressalva que pode ser consequ\u00eancia de um engano dos participantes que fizeram confus\u00e3o entre \u201cDemocr\u00e1tica Alian\u00e7a\u201d e \u201cAlian\u00e7a Democr\u00e1tica\u201d.<\/p>\n<p><b>Caso tenha sido engano, o CESOP- Cat\u00f3lica diz que \u201ca ordem dos lugares cimeiros desta sondagem ser\u00e1 a inversa\u201d, uma vez que a maioria destes eleitores votou AD nas legislativas. <br \/>&#13;<br \/>\n<\/b>&#13;<br \/>\n<b><br \/>&#13;<br \/>\n\u201cEm qualquer dos casos o resultado desta sondagem (empate entre Leit\u00e3o e Moedas) mant\u00e9m-se\u201d, sublinha o relat\u00f3rio. <\/b><\/p>\n<p>A distribui\u00e7\u00e3o de inten\u00e7\u00f5es de voto desta sondagem levaria a que as coliga\u00e7\u00f5es \u201cViver Lisboa\u201d e \u201cPor ti, Lisboa\u201d obtivessem entre seis a oito mandatos. O Chega elegeria dois vereadores e a CDU ficaria muito provavelmente com um, com a possibilidade de chegar a dois. <\/p>\n<p><b>Quando questionados sobre quem acham que vai ganhar a corrida \u00e0 C\u00e2mara de Lisboa, os entrevistados n\u00e3o s\u00e3o t\u00e3o indecisos e a maioria (51%) concorda que ser\u00e1 Carlos Moedas. Apenas 19% votou em Alexandra Leit\u00e3o. <\/b><br \/>&#13;<br \/>\nInquiridos d\u00e3o nota \u201csuficiente\u201d a Moedas<br \/>&#13;<br \/>\n<b>A maioria dos inquiridos nesta sondagem (42%) avaliou este \u00faltimo mandato de Carlos Moedas na C\u00e2mara de Lisboa como \u201csuficiente\u201d.<\/b> Vinte e dois por cento avaliaram como \u201cmau\u201d, 19% como \u201cbom\u201d e apenas dois por cento como \u201cmuito bom\u201d.<\/p>\n<p>Os resultados permitem concluir que eleitores com inten\u00e7\u00e3o de voto na coliga\u00e7\u00e3o liderada pelo PS e eleitores que tencionam votar CDU manifestam avalia\u00e7\u00e3o m\u00e9dia claramente negativa relativamente ao mandato de Moedas.<\/p>\n<p>\u201cEleitores que tencionam votar na coliga\u00e7\u00e3o liderada pelo PSD t\u00eam uma avalia\u00e7\u00e3o m\u00e9dia id\u00eantica \u00e0 avalia\u00e7\u00e3o m\u00e9dia dos eleitores da Democr\u00e1tica Alian\u00e7a, o que refor\u00e7a a hip\u00f3tese de engano dos inquiridos\u201d, sublinha o relat\u00f3rio.<\/p>\n<p><b>Em rela\u00e7\u00e3o \u00e0 atua\u00e7\u00e3o do presidente da C\u00e2mara de Lisboa no caso do acidente com o elevador da Gl\u00f3ria, os inquiridos mostram-se divididos: 33% considera que Carlos Moedas \u201cesteve bem\u201d e 32% que \u201cesteve mal\u201d. <\/b>Dezasseis por cento consideram que Moedas esteve \u201cmuito mal\u201d e apenas 4% considera que esteve \u201cmuito bem\u201d. <\/p>\n<p>Por sua vez, questionados sobre a atua\u00e7\u00e3o de Alexandra Leit\u00e3o neste mesmo caso, a maioria (36%) disse n\u00e3o saber responder e 27% respondeu que \u201cesteve bem\u201d. <\/p>\n<p>A sondagem tamb\u00e9m questionou os lisboetas sobre quais os principais problemas da cidade. Sem surpresas, 70% dos entrevistados indicam que a habita\u00e7\u00e3o \u00e9 o principal problema de Lisboa.<\/p>\n<p>A higiene urbana destaca-se como o segundo problema mais vezes referido, seguindo-se a imigra\u00e7\u00e3o, a sa\u00fade e a mobilidade. &#13;<\/p>\n","protected":false},"excerpt":{"rendered":"A candidata do PS, Livre, Bloco de Esquerda e PAN, Alexandra Leit\u00e3o, tem 36% das inten\u00e7\u00f5es de voto.&hellip;\n","protected":false},"author":2,"featured_media":96215,"comment_status":"","ping_status":"","sticky":false,"template":"","format":"standard","meta":{"footnotes":""},"categories":[10],"tags":[15187,27,28,15,16,14,25,26,797,21,22,12,13,19,20,32,23,24,33,4862,17,18,29,30,31],"class_list":{"0":"post-96214","1":"post","2":"type-post","3":"status-publish","4":"format-standard","5":"has-post-thumbnail","7":"category-portugal","8":"tag-autarquicas","9":"tag-breaking-news","10":"tag-breakingnews","11":"tag-featured-news","12":"tag-featurednews","13":"tag-headlines","14":"tag-latest-news","15":"tag-latestnews","16":"tag-lisboa","17":"tag-main-news","18":"tag-mainnews","19":"tag-news","20":"tag-noticias","21":"tag-noticias-principais","22":"tag-noticiasprincipais","23":"tag-portugal","24":"tag-principais-noticias","25":"tag-principaisnoticias","26":"tag-pt","27":"tag-sondagem","28":"tag-top-stories","29":"tag-topstories","30":"tag-ultimas","31":"tag-ultimas-noticias","32":"tag-ultimasnoticias"},"share_on_mastodon":{"url":"","error":""},"_links":{"self":[{"href":"https:\/\/www.europesays.com\/pt\/wp-json\/wp\/v2\/posts\/96214","targetHints":{"allow":["GET"]}}],"collection":[{"href":"https:\/\/www.europesays.com\/pt\/wp-json\/wp\/v2\/posts"}],"about":[{"href":"https:\/\/www.europesays.com\/pt\/wp-json\/wp\/v2\/types\/post"}],"author":[{"embeddable":true,"href":"https:\/\/www.europesays.com\/pt\/wp-json\/wp\/v2\/users\/2"}],"replies":[{"embeddable":true,"href":"https:\/\/www.europesays.com\/pt\/wp-json\/wp\/v2\/comments?post=96214"}],"version-history":[{"count":0,"href":"https:\/\/www.europesays.com\/pt\/wp-json\/wp\/v2\/posts\/96214\/revisions"}],"wp:featuredmedia":[{"embeddable":true,"href":"https:\/\/www.europesays.com\/pt\/wp-json\/wp\/v2\/media\/96215"}],"wp:attachment":[{"href":"https:\/\/www.europesays.com\/pt\/wp-json\/wp\/v2\/media?parent=96214"}],"wp:term":[{"taxonomy":"category","embeddable":true,"href":"https:\/\/www.europesays.com\/pt\/wp-json\/wp\/v2\/categories?post=96214"},{"taxonomy":"post_tag","embeddable":true,"href":"https:\/\/www.europesays.com\/pt\/wp-json\/wp\/v2\/tags?post=96214"}],"curies":[{"name":"wp","href":"https:\/\/api.w.org\/{rel}","templated":true}]}}