{"id":96298,"date":"2025-10-02T21:31:08","date_gmt":"2025-10-02T21:31:08","guid":{"rendered":"https:\/\/www.europesays.com\/pt\/96298\/"},"modified":"2025-10-02T21:31:08","modified_gmt":"2025-10-02T21:31:08","slug":"estadio-jose-alvalade-nomeado-para-premio-internacional","status":"publish","type":"post","link":"https:\/\/www.europesays.com\/pt\/96298\/","title":{"rendered":"Est\u00e1dio Jos\u00e9 Alvalade nomeado para pr\u00e9mio internacional"},"content":{"rendered":"<p style=\"margin-bottom:11px\">O Est\u00e1dio Jos\u00e9 Alvalade, a casa do Sporting, figura entre os nomeados para os pr\u00e9mios Design &amp; Development, na categoria de Hospitalidade e Espa\u00e7o Premium.<\/p>\n<p>A infraestrutura lisboeta concorre ao pr\u00e9mio juntamente com mais seis espa\u00e7os:<\/p>\n<ul>\n<li>Os lugares lounge junto ao recinto de jogo no Capital One Arena, em Washington, casa dos Washington Wizards\u00a0(NBA) e dos Washington Capitals (NHL)<\/li>\n<li>O lounge el\u00e9trico e ac\u00fastico do Utilita Arena, em Newcastle<\/li>\n<li>A bancada Riverside, do Craven Cottage, casa do Fulham<\/li>\n<li>O hotel, spa e espa\u00e7os de hospitalidade do Est\u00e1dio da Paz, em Nagasaki, casa do V-Varen Nagasaki<\/li>\n<li>O terra\u00e7o do North Coast do Progressive Field, em Cleveland, casa dos Cleveland\u00a0Guardians (MLB)<\/li>\n<li>Os novos espa\u00e7os Premium do Villa Park, em Birmingham, casa do Aston Villa<\/li>\n<\/ul>\n<p>No \u00faltimo ver\u00e3o, o Est\u00e1dio Jos\u00e9 Alvalade foi alvo de obras de melhoramento, <a href=\"https:\/\/maisfutebol.iol.pt\/sporting\/alvalade-2-0\/sporting-alvalade-ja-vai-ter-mais-2-000-lugares-no-classico-com-o-fc-porto\" target=\"_blank\" rel=\"nofollow noopener\">que dotaram a infraestrutura de mais dois mil lugares sentados<\/a>.<\/p>\n<p>Os pr\u00e9mios Design &amp; Development s\u00e3o promovidos, desde 2017, pelo site ingl\u00eas The Stadium Business.<\/p>\n<p>H\u00e1 v\u00e1rias categorias em concurso, sendo que os vencedores v\u00e3o ser conhecidos na gala agendada para dezembro, na cidade inglesa de Manchester.<\/p>\n<p><strong>J\u00e1 segue o\u00a0<a href=\"http:\/\/whatsapp.com\/channel\/0029Va9lGKPGOj9nW79Pd117\" title=\"http:\/\/whatsapp.com\/channel\/0029Va9lGKPGOj9nW79Pd117\" rel=\"nofollow noopener\" target=\"_blank\">canal de Whatsapp do Maisfutebol<\/a>?<\/strong><\/p>\n","protected":false},"excerpt":{"rendered":"O Est\u00e1dio Jos\u00e9 Alvalade, a casa do Sporting, figura entre os nomeados para os pr\u00e9mios Design &amp; Development,&hellip;\n","protected":false},"author":2,"featured_media":96299,"comment_status":"","ping_status":"","sticky":false,"template":"","format":"standard","meta":{"footnotes":""},"categories":[87],"tags":[204,23761,135,11952,1356,46,32,3304,33,47,34,134],"class_list":{"0":"post-96298","1":"post","2":"type-post","3":"status-publish","4":"format-standard","5":"has-post-thumbnail","7":"category-desporto","8":"tag-design","9":"tag-design-development","10":"tag-desporto","11":"tag-estadio-jose-alvalade","12":"tag-mais-futebol","13":"tag-maisfutebol","14":"tag-portugal","15":"tag-premio","16":"tag-pt","17":"tag-pura-paixao","18":"tag-sporting","19":"tag-sports"},"share_on_mastodon":{"url":"","error":""},"_links":{"self":[{"href":"https:\/\/www.europesays.com\/pt\/wp-json\/wp\/v2\/posts\/96298","targetHints":{"allow":["GET"]}}],"collection":[{"href":"https:\/\/www.europesays.com\/pt\/wp-json\/wp\/v2\/posts"}],"about":[{"href":"https:\/\/www.europesays.com\/pt\/wp-json\/wp\/v2\/types\/post"}],"author":[{"embeddable":true,"href":"https:\/\/www.europesays.com\/pt\/wp-json\/wp\/v2\/users\/2"}],"replies":[{"embeddable":true,"href":"https:\/\/www.europesays.com\/pt\/wp-json\/wp\/v2\/comments?post=96298"}],"version-history":[{"count":0,"href":"https:\/\/www.europesays.com\/pt\/wp-json\/wp\/v2\/posts\/96298\/revisions"}],"wp:featuredmedia":[{"embeddable":true,"href":"https:\/\/www.europesays.com\/pt\/wp-json\/wp\/v2\/media\/96299"}],"wp:attachment":[{"href":"https:\/\/www.europesays.com\/pt\/wp-json\/wp\/v2\/media?parent=96298"}],"wp:term":[{"taxonomy":"category","embeddable":true,"href":"https:\/\/www.europesays.com\/pt\/wp-json\/wp\/v2\/categories?post=96298"},{"taxonomy":"post_tag","embeddable":true,"href":"https:\/\/www.europesays.com\/pt\/wp-json\/wp\/v2\/tags?post=96298"}],"curies":[{"name":"wp","href":"https:\/\/api.w.org\/{rel}","templated":true}]}}