{"id":96344,"date":"2025-10-02T22:22:10","date_gmt":"2025-10-02T22:22:10","guid":{"rendered":"https:\/\/www.europesays.com\/pt\/96344\/"},"modified":"2025-10-02T22:22:10","modified_gmt":"2025-10-02T22:22:10","slug":"cantor-milton-nascimento-diagnosticado-com-demencia-observador","status":"publish","type":"post","link":"https:\/\/www.europesays.com\/pt\/96344\/","title":{"rendered":"Cantor Milton Nascimento diagnosticado com dem\u00eancia \u2013 Observador"},"content":{"rendered":"<p>O cantor e compositor Milton Nascimento, um dos mais conhecidos representantes da chamada M\u00fasica Popular Brasileira, foi diagnosticado com dem\u00eancia com corpos de Lewy, uma doen\u00e7a neurodegenerativa sem cura, disse fonte familiar.<\/p>\n<p>A informa\u00e7\u00e3o foi avan\u00e7ada esta quinta-feira por um dos seus filhos, Augusto Nascimento, em entrevista \u00e0 revista Piau\u00ed.<\/p>\n<p>O famoso autor de cl\u00e1ssicos como \u201cCan\u00e7\u00e3o da Am\u00e9rica\u201d e \u201cMaria Maria\u201d, de 82 anos, e que tamb\u00e9m sofre de Parkinson desde 2023, recebeu o diagn\u00f3stico da nova doen\u00e7a em junho, <strong>depois da fam\u00edlia ter consultado especialistas sobre mudan\u00e7as significativas no comportamento do m\u00fasico<\/strong>.<\/p>\n<p>Segundo Augusto Nascimento, que tamb\u00e9m \u00e9 empres\u00e1rio do cantor, no in\u00edcio deste ano o pai come\u00e7ou a mostrar-se esquecido, com menos apetite, a fixar o olhar num \u00fanico ponto e a repetir os mesmos coment\u00e1rios com poucos minutos de diferen\u00e7a.<\/p>\n<p>Em abril, ap\u00f3s uma s\u00e9rie de exames, os m\u00e9dicos constataram que o seu estado cognitivo tinha piorado, mas ainda n\u00e3o tinham chegado a um diagn\u00f3stico.<\/p>\n<p>Em maio, depois de consultar e receber a aprova\u00e7\u00e3o dos m\u00e9dicos, pai e filho cumpriram um sonho e realizaram uma viagem de caravana de cerca de 4 mil quil\u00f3metros pelos estados do Arizona, Utah, Idaho, Wyoming e Montana, nos Estados Unidos. O diagn\u00f3stico da doen\u00e7a foi confirmado ap\u00f3s o regresso de ambos dessa viagem.<\/p>\n<p>A fam\u00edlia de Milton Nascimento informou que, com exce\u00e7\u00e3o da entrevista concedida por Augusto, n\u00e3o far\u00e1 qualquer outro pronunciamento sobre o assunto.<\/p>\n<p>A dem\u00eancia com corpos de Lewy, um dos tipos mais comuns de dem\u00eancia, combina sintomas semelhantes aos do Alzheimer com dist\u00farbios motores associados ao Parkinson.<\/p>\n<p>Milton Nascimento retirou-se dos palcos em 2022 com a conclus\u00e3o da digress\u00e3o intitulada precisamente \u201cA \u00daltima Sess\u00e3o de M\u00fasica\u201d.<\/p>\n<p>No in\u00edcio deste ano desfilou com a escola de samba Portela, uma das mais populares do Carnaval do Rio de Janeiro, que lhe prestou homenagem.<\/p>\n<p>Antes da digress\u00e3o de despedida, o cantor j\u00e1 vinha a enfrentar problemas de sa\u00fade, agravados pela diabetes e por complica\u00e7\u00f5es card\u00edacas, com recorrentes hospitaliza\u00e7\u00f5es, numa das quais teve de ser submetido a um cateterismo.<\/p>\n<p>O cantor e guitarrista gravou 34 discos e apresentou-se com dezenas de grupos e m\u00fasicos de outros pa\u00edses, como Wayne Shorter, Herbie Hancock, Ron Carter, Mercedes Sosa, Fito P\u00e1ez, Peter Gabriel, James Taylor, Sting, Paul Simon, Chico Buarque, Caetano Veloso, Gilberto Gil e Duran Duran.<\/p>\n<p>Milton Nascimento \u00e9 detentor de cinco pr\u00e9mios Grammy, entre os quais um em 1997 para melhor \u00e1lbum de m\u00fasica mundial com o disco \u201cNascimento\u201d e outro em 2000 para melhor \u00e1lbum na categoria pop contempor\u00e2neo brasileiro com \u201cCrooner\u201d.<\/p>\n","protected":false},"excerpt":{"rendered":"O cantor e compositor Milton Nascimento, um dos mais conhecidos representantes da chamada M\u00fasica Popular Brasileira, foi diagnosticado&hellip;\n","protected":false},"author":2,"featured_media":96345,"comment_status":"","ping_status":"","sticky":false,"template":"","format":"standard","meta":{"footnotes":""},"categories":[145],"tags":[726,211,210,315,114,115,339,62,32,33],"class_list":{"0":"post-96344","1":"post","2":"type-post","3":"status-publish","4":"format-standard","5":"has-post-thumbnail","7":"category-celebridades","8":"tag-brasil","9":"tag-celebridades","10":"tag-celebrities","11":"tag-cultura","12":"tag-entertainment","13":"tag-entretenimento","14":"tag-mu00fasica","15":"tag-mundo","16":"tag-portugal","17":"tag-pt"},"share_on_mastodon":{"url":"","error":""},"_links":{"self":[{"href":"https:\/\/www.europesays.com\/pt\/wp-json\/wp\/v2\/posts\/96344","targetHints":{"allow":["GET"]}}],"collection":[{"href":"https:\/\/www.europesays.com\/pt\/wp-json\/wp\/v2\/posts"}],"about":[{"href":"https:\/\/www.europesays.com\/pt\/wp-json\/wp\/v2\/types\/post"}],"author":[{"embeddable":true,"href":"https:\/\/www.europesays.com\/pt\/wp-json\/wp\/v2\/users\/2"}],"replies":[{"embeddable":true,"href":"https:\/\/www.europesays.com\/pt\/wp-json\/wp\/v2\/comments?post=96344"}],"version-history":[{"count":0,"href":"https:\/\/www.europesays.com\/pt\/wp-json\/wp\/v2\/posts\/96344\/revisions"}],"wp:featuredmedia":[{"embeddable":true,"href":"https:\/\/www.europesays.com\/pt\/wp-json\/wp\/v2\/media\/96345"}],"wp:attachment":[{"href":"https:\/\/www.europesays.com\/pt\/wp-json\/wp\/v2\/media?parent=96344"}],"wp:term":[{"taxonomy":"category","embeddable":true,"href":"https:\/\/www.europesays.com\/pt\/wp-json\/wp\/v2\/categories?post=96344"},{"taxonomy":"post_tag","embeddable":true,"href":"https:\/\/www.europesays.com\/pt\/wp-json\/wp\/v2\/tags?post=96344"}],"curies":[{"name":"wp","href":"https:\/\/api.w.org\/{rel}","templated":true}]}}