{"id":96412,"date":"2025-10-03T00:21:04","date_gmt":"2025-10-03T00:21:04","guid":{"rendered":"https:\/\/www.europesays.com\/pt\/96412\/"},"modified":"2025-10-03T00:21:04","modified_gmt":"2025-10-03T00:21:04","slug":"peaky-blinders-vai-ganhar-duas-sequencias-na-netflix-veja-como-serao","status":"publish","type":"post","link":"https:\/\/www.europesays.com\/pt\/96412\/","title":{"rendered":"\u2018Peaky Blinders\u2019 vai ganhar duas sequ\u00eancias na Netflix; veja como ser\u00e3o"},"content":{"rendered":"<p data-component-name=\"paragraph\" class=\"styles__ParagraphStyled-sc-6adecn-0 gsLklW  \">A <a href=\"https:\/\/www.estadao.com.br\/tudo-sobre\/netflix\/\" target=\"_blank\" rel=\"noreferrer nofollow noopener\" title=\"https:\/\/www.estadao.com.br\/tudo-sobre\/netflix\/\"><strong>Netflix<\/strong><\/a> e a <strong>BBC<\/strong> anunciaram nesta quinta-feira, 2, duas novas s\u00e9ries que dar\u00e3o sequ\u00eancia aos eventos de <strong>Peaky Blinders<\/strong>. Cada s\u00e9rie ter\u00e1 seis epis\u00f3dios de 1h cada, com produ\u00e7\u00e3o executiva de <a href=\"https:\/\/www.estadao.com.br\/tudo-sobre\/cillian-murphy\/\" target=\"_blank\" rel=\"noreferrer nofollow noopener\" title=\"https:\/\/www.estadao.com.br\/tudo-sobre\/cillian-murphy\/\"><strong>Cillian Murphy<\/strong><\/a> e do criador<strong> Steven Knight<\/strong>, e v\u00e3o se passar ap\u00f3s os eventos do filme, atualmente em fase de p\u00f3s-produ\u00e7\u00e3o e sem data de estreia anunciada.<\/p>\n<p><img  loading=\"lazy\" class=\"lazy-load-img\"\/><\/p>\n<p>Cillian Murphy, vencedor do Oscar por &#8216;Oppenheimer&#8217;, ganhou destaque ao interpretar o mafioso Thomas Shelby em seis temporadas de &#8216;Peaky Blinders&#8217;\u00a0Foto:  Netflix\/Divulga\u00e7\u00e3o<\/p>\n<p>Detalhes sobre as s\u00e9ries ainda n\u00e3o foram divulgados, tampouco quem estar\u00e1 no elenco ou no time de roteiristas. No entanto, as tra\u00e7\u00f5es v\u00e3o explorar hist\u00f3rias de uma nova gera\u00e7\u00e3o da fam\u00edlia Shelby, a partir do ano de 1953. <\/p>\n<p>De acordo com a sinopse oficial das s\u00e9ries divulgada pela plataforma de streaming, a cidade de Birmingham, na Inglaterra, estar\u00e1 em reconstru\u00e7\u00e3o ap\u00f3s ter sido fortemente bombardeada durante Segunda Guerra Mundial, e a corrida para controlar o projeto industrial vai se transformar em \u201cuma disputa brutal de dimens\u00f5es m\u00edticas\u201d, com os Shelby bem no centro de uma trama de sangue e viol\u00eancia.<\/p>\n<p data-component-name=\"paragraph\" class=\"styles__ParagraphStyled-sc-6adecn-0 gsLklW  \">\u201cEstou muito feliz em anunciar este novo cap\u00edtulo da hist\u00f3ria de Peaky Blinders. Mais uma vez a trama ter\u00e1 como raiz Birmingham e contar\u00e1 a hist\u00f3ria de uma cidade que renasce das cinzas ap\u00f3s o bombardeio\u201d, adianta Knight, em comunicado. \u201cA nova gera\u00e7\u00e3o dos Shelbys est\u00e1 no comando, e ser\u00e1 uma jornada incr\u00edvel.\u201d <\/p>\n<p data-component-name=\"paragraph\" class=\"styles__ParagraphStyled-sc-6adecn-0 gsLklW  \">As seis temporadas de Peaky Blinders est\u00e3o dispon\u00edveis para streaming na Netflix. Estreladas por Cillian Murphy como Thomas Shelby, o drama relata a hist\u00f3ria do l\u00edder de uma gangue que, em 1919, faz de tudo para subir na vida. <\/p>\n","protected":false},"excerpt":{"rendered":"A Netflix e a BBC anunciaram nesta quinta-feira, 2, duas novas s\u00e9ries que dar\u00e3o sequ\u00eancia aos eventos de&hellip;\n","protected":false},"author":2,"featured_media":96413,"comment_status":"","ping_status":"","sticky":false,"template":"","format":"standard","meta":{"footnotes":""},"categories":[142],"tags":[4486,114,115,32,33,151],"class_list":{"0":"post-96412","1":"post","2":"type-post","3":"status-publish","4":"format-standard","5":"has-post-thumbnail","7":"category-tv","8":"tag-emais","9":"tag-entertainment","10":"tag-entretenimento","11":"tag-portugal","12":"tag-pt","13":"tag-tv"},"share_on_mastodon":{"url":"","error":""},"_links":{"self":[{"href":"https:\/\/www.europesays.com\/pt\/wp-json\/wp\/v2\/posts\/96412","targetHints":{"allow":["GET"]}}],"collection":[{"href":"https:\/\/www.europesays.com\/pt\/wp-json\/wp\/v2\/posts"}],"about":[{"href":"https:\/\/www.europesays.com\/pt\/wp-json\/wp\/v2\/types\/post"}],"author":[{"embeddable":true,"href":"https:\/\/www.europesays.com\/pt\/wp-json\/wp\/v2\/users\/2"}],"replies":[{"embeddable":true,"href":"https:\/\/www.europesays.com\/pt\/wp-json\/wp\/v2\/comments?post=96412"}],"version-history":[{"count":0,"href":"https:\/\/www.europesays.com\/pt\/wp-json\/wp\/v2\/posts\/96412\/revisions"}],"wp:featuredmedia":[{"embeddable":true,"href":"https:\/\/www.europesays.com\/pt\/wp-json\/wp\/v2\/media\/96413"}],"wp:attachment":[{"href":"https:\/\/www.europesays.com\/pt\/wp-json\/wp\/v2\/media?parent=96412"}],"wp:term":[{"taxonomy":"category","embeddable":true,"href":"https:\/\/www.europesays.com\/pt\/wp-json\/wp\/v2\/categories?post=96412"},{"taxonomy":"post_tag","embeddable":true,"href":"https:\/\/www.europesays.com\/pt\/wp-json\/wp\/v2\/tags?post=96412"}],"curies":[{"name":"wp","href":"https:\/\/api.w.org\/{rel}","templated":true}]}}