{"id":96419,"date":"2025-10-03T00:36:11","date_gmt":"2025-10-03T00:36:11","guid":{"rendered":"https:\/\/www.europesays.com\/pt\/96419\/"},"modified":"2025-10-03T00:36:11","modified_gmt":"2025-10-03T00:36:11","slug":"nao-consigo-controlar-o-que-sinto","status":"publish","type":"post","link":"https:\/\/www.europesays.com\/pt\/96419\/","title":{"rendered":"\u201cN\u00e3o consigo controlar o que sinto\u201d"},"content":{"rendered":"<p>Ainda no almo\u00e7o especial na <a href=\"https:\/\/dioguinho.com\/category\/casa-dos-segredos\/\" rel=\"nofollow noopener\" target=\"_blank\">Casa dos Segredos<\/a>, tivemos uma Liliana meio que a assumir sentimentos pelo F\u00e1bio, apesar de estar noiva.<\/p>\n<p><strong>\u201cMesmo que ela n\u00e3o tenha esse carinho por mim que eu tenho por ela, eu nunca na vida ia-me chatear por algo que eu n\u00e3o consigo controlar\u201d<\/strong>, come\u00e7ou Liliana por falar na Vera.<\/p>\n<p>Sandro, sempre atento, procurou clarificar: \u201c<strong>Tu sentes que \u00e9s tu que tens mais carinho por ela do que ela por ti?\u201d.<\/strong> Liliana n\u00e3o hesitou: <strong>\u201cN\u00e3o, eu sinto o p\u00e9 de igualdade, sim\u2026 Mas claro que depois de ser revelado o segredo, eu pensei nisso, do que est\u00e1s a dizer\u201d.<\/strong><\/p>\n<p>A concorrente explicou ainda porque sentiu, desde cedo, maior proximidade com F\u00e1bio: <strong>\u201cFoi o primeiro a demonstrar interesse em mim\u201d<\/strong>. Uma confiss\u00e3o que fez Rui intervir:<strong> \u201cOu seja, achaste que poderia ser j\u00e1 de in\u00edcio do jogo pela parte do F\u00e1bio?\u201d<\/strong>. Liliana confirmou: \u201cSim, achei. Achei e comentei com a Voz. E \u00e9 algo que me est\u00e1 a fazer um bocadinho de confus\u00e3o aqui\u201d.<\/p>\n<p>A tens\u00e3o do discurso deixou transparecer um dilema \u00edntimo: o receio de estar envolvida num enredo que pode ser visto como jogo, mas que para si \u00e9 genu\u00edno<strong>. \u201cEu sei que foi algo de muitos julgamentos, mas estas s\u00e3o as minhas circunst\u00e2ncias. N\u00e3o consigo controlar o que sinto ou deixo de sentir. L\u00e1 fora era impens\u00e1vel, por\u00e9m, este segredo, e sendo de uma pessoa que eu gosto genuinamente\u2026 \u00e9 algo que me est\u00e1 a deixar incomodada aqui\u201d,<\/strong> desabafou.<\/p>\n<p>Pressionada a explicar por que espera que n\u00e3o se trate apenas de estrat\u00e9gia, Liliana revelou: <strong>\u201cEu espero que n\u00e3o, porque realmente s\u00e3o duas pessoas que eu gosto, e por serem duas pessoas que eu gosto e estarem ligadas, para mim faz-me confus\u00e3o. Ent\u00e3o j\u00e1 pensei em dar um passo atr\u00e1s, em afastar-me um pouco dos dois<\/strong>\u201d.<\/p>\n<p>Mas, na mesma respira\u00e7\u00e3o, admitiu a impossibilidade: <strong>\u201cN\u00e3o, n\u00e3o \u00e9 poss\u00edvel\u201d<\/strong>. Os colegas ouviram com aten\u00e7\u00e3o. Sandro procurou incentiv\u00e1-la:<strong> \u201cIsso \u00e9 bom. \u00c9 um conselho que eu sempre disse: faz o que sentes. E s\u00f3 te ir\u00e1s arrepender dos teus pr\u00f3prios atos\u201d<\/strong>.<\/p>\n<p>J\u00e1 F\u00e1bio, diretamente implicado nas emo\u00e7\u00f5es em causa, interveio com um tom calmo e assertivo: \u201c<strong>Acho que ela acaba por sentir um bocado de seguran\u00e7a quando eu lhe digo as coisas, porque quando sou direito eu falo nos olhos. E os olhos dizem muita coisa. Como se costuma dizer, os olhos s\u00e3o o reflexo da alma. Ent\u00e3o acho que \u00e9 isso que lhe d\u00e1 aquela seguran\u00e7a para seguir em frente, mesmo tendo d\u00favida\u201d.<\/strong><\/p>\n<p>Sandro resumiu o que todos j\u00e1 tinham percebido:<strong> \u201cSeja ainda por amizade ou por j\u00e1 um conforto, o que \u00e9 certo \u00e9 que quando o F\u00e1bio se afasta tu ficas sentida. E \u00e9 normal, porque ele de certa forma \u00e9 uma pessoa que te apoia\u201d.<\/strong><\/p>\n","protected":false},"excerpt":{"rendered":"Ainda no almo\u00e7o especial na Casa dos Segredos, tivemos uma Liliana meio que a assumir sentimentos pelo F\u00e1bio,&hellip;\n","protected":false},"author":2,"featured_media":96420,"comment_status":"","ping_status":"","sticky":false,"template":"","format":"standard","meta":{"footnotes":""},"categories":[142],"tags":[2632,13471,20079,114,115,32,33,6985,16686,20081,20082,151,162],"class_list":{"0":"post-96419","1":"post","2":"type-post","3":"status-publish","4":"format-standard","5":"has-post-thumbnail","7":"category-tv","8":"tag-casa-dos-segredos","9":"tag-casa-dos-segredos-9","10":"tag-concorrentes-casa-dos-segredos","11":"tag-entertainment","12":"tag-entretenimento","13":"tag-portugal","14":"tag-pt","15":"tag-secret-story-casa-dos-segredos","16":"tag-secret-story-9","17":"tag-sondagem-casa-dos-segredos","18":"tag-sondagens-casa-dos-segredos","19":"tag-tv","20":"tag-tvi"},"share_on_mastodon":{"url":"","error":""},"_links":{"self":[{"href":"https:\/\/www.europesays.com\/pt\/wp-json\/wp\/v2\/posts\/96419","targetHints":{"allow":["GET"]}}],"collection":[{"href":"https:\/\/www.europesays.com\/pt\/wp-json\/wp\/v2\/posts"}],"about":[{"href":"https:\/\/www.europesays.com\/pt\/wp-json\/wp\/v2\/types\/post"}],"author":[{"embeddable":true,"href":"https:\/\/www.europesays.com\/pt\/wp-json\/wp\/v2\/users\/2"}],"replies":[{"embeddable":true,"href":"https:\/\/www.europesays.com\/pt\/wp-json\/wp\/v2\/comments?post=96419"}],"version-history":[{"count":0,"href":"https:\/\/www.europesays.com\/pt\/wp-json\/wp\/v2\/posts\/96419\/revisions"}],"wp:featuredmedia":[{"embeddable":true,"href":"https:\/\/www.europesays.com\/pt\/wp-json\/wp\/v2\/media\/96420"}],"wp:attachment":[{"href":"https:\/\/www.europesays.com\/pt\/wp-json\/wp\/v2\/media?parent=96419"}],"wp:term":[{"taxonomy":"category","embeddable":true,"href":"https:\/\/www.europesays.com\/pt\/wp-json\/wp\/v2\/categories?post=96419"},{"taxonomy":"post_tag","embeddable":true,"href":"https:\/\/www.europesays.com\/pt\/wp-json\/wp\/v2\/tags?post=96419"}],"curies":[{"name":"wp","href":"https:\/\/api.w.org\/{rel}","templated":true}]}}