{"id":96424,"date":"2025-10-03T00:47:07","date_gmt":"2025-10-03T00:47:07","guid":{"rendered":"https:\/\/www.europesays.com\/pt\/96424\/"},"modified":"2025-10-03T00:47:07","modified_gmt":"2025-10-03T00:47:07","slug":"gerard-depardieu-denuncia-reportagem-sobre-assedio-sexual-02-10-2025-ilustrada","status":"publish","type":"post","link":"https:\/\/www.europesays.com\/pt\/96424\/","title":{"rendered":"G\u00e9rard Depardieu denuncia reportagem sobre ass\u00e9dio sexual &#8211; 02\/10\/2025 &#8211; Ilustrada"},"content":{"rendered":"<p>A <a href=\"https:\/\/www1.folha.uol.com.br\/mundo\/2025\/02\/justica-francesa-ordena-renomeacao-de-bairro-em-biarritz-por-origem-racista-e-sexista.shtml\" rel=\"nofollow noopener\" target=\"\">Justi\u00e7a francesa<\/a> avalia nesta quinta-feira (2) as acusa\u00e7\u00f5es do ator <a href=\"https:\/\/www1.folha.uol.com.br\/folha-topicos\/gerard-depardieu\/\" rel=\"nofollow noopener\" target=\"\">G\u00e9rard Depardieu<\/a> contra uma reportagem da televis\u00e3o p\u00fablica transmitida em 2023, que o apresenta realizando coment\u00e1rios obscenos sobre uma crian\u00e7a montando em um p\u00f4nei.<\/p>\n<p>A divulga\u00e7\u00e3o da reportagem &#8220;G\u00e9rard Depardieu: A Queda do Ogro&#8221; chegou em um contexto de acusa\u00e7\u00f5es de agress\u00f5es sexuais contra essa lenda do cinema de 76 anos, na esteira do movimento <a href=\"https:\/\/www1.folha.uol.com.br\/ilustrada\/2022\/12\/metoo-transformou-compreensao-do-assedio-mas-ha-muito-a-se-fazer.shtml\" rel=\"nofollow noopener\" target=\"\">MeToo <\/a>na Fran\u00e7a.<\/p>\n<p>A Justi\u00e7a o condenou em maio a 18 meses de pris\u00e3o por agredir sexualmente duas mulheres durante uma filmagem em 2021 e, em setembro, ordenou outro julgamento por estupro. O ator recorreu contra ambas as decis\u00f5es ao se declarar inocente.<\/p>\n<p>O julgamento atual se centra em uma sequ\u00eancia de quase um minuto gravada em um haras da <a href=\"https:\/\/www1.folha.uol.com.br\/folha-topicos\/coreia-do-norte\/\" rel=\"nofollow noopener\" target=\"\">Coreia do Norte<\/a> em 2018. A reportagem mostra coment\u00e1rios obscenos de Depardieu com imagens ao fundo da pequena amazona.<\/p>\n<p>A defesa do ator denuncia uma manipula\u00e7\u00e3o e afirma que ele se referia a uma mulher adulta, que n\u00e3o aparece na tela, e no marco de uma obra de fic\u00e7\u00e3o na qual trabalharia junto com o escritor <a href=\"https:\/\/f5.folha.uol.com.br\/voceviu\/2019\/01\/a-avalanche-de-criticas-ao-escritor-frances-que-considera-mulheres-de-50-anos-velhas-demais.shtml\" rel=\"nofollow noopener\" target=\"\">Yann Moix<\/a>, que o acompanha.<\/p>\n<p>&#8220;A <a href=\"https:\/\/www1.folha.uol.com.br\/mercado\/2025\/06\/netflix-fecha-acordo-com-rede-francesa-tf1-para-exibir-tv-tradicional.shtml\" rel=\"nofollow noopener\" target=\"\">France T\u00e9l\u00e9visions<\/a> nega qualquer manipula\u00e7\u00e3o ou montagem ilegal por parte do Compl\u00e9ment d&#8217;Enqu\u00eate&#8221;, disse \u00e0 AFP a advogada da rede estatal, Juliette F\u00e9lix, antes da audi\u00eancia.<\/p>\n","protected":false},"excerpt":{"rendered":"A Justi\u00e7a francesa avalia nesta quinta-feira (2) as acusa\u00e7\u00f5es do ator G\u00e9rard Depardieu contra uma reportagem da televis\u00e3o&hellip;\n","protected":false},"author":2,"featured_media":96425,"comment_status":"","ping_status":"","sticky":false,"template":"","format":"standard","meta":{"footnotes":""},"categories":[145],"tags":[11347,6064,11307,211,210,470,114,115,445,236,208,23802,32,33],"class_list":{"0":"post-96424","1":"post","2":"type-post","3":"status-publish","4":"format-standard","5":"has-post-thumbnail","7":"category-celebridades","8":"tag-acusacao","9":"tag-assedio","10":"tag-assedio-sexual","11":"tag-celebridades","12":"tag-celebrities","13":"tag-cinema","14":"tag-entertainment","15":"tag-entretenimento","16":"tag-europa","17":"tag-folha","18":"tag-franca","19":"tag-gerard-depardieu","20":"tag-portugal","21":"tag-pt"},"share_on_mastodon":{"url":"","error":""},"_links":{"self":[{"href":"https:\/\/www.europesays.com\/pt\/wp-json\/wp\/v2\/posts\/96424","targetHints":{"allow":["GET"]}}],"collection":[{"href":"https:\/\/www.europesays.com\/pt\/wp-json\/wp\/v2\/posts"}],"about":[{"href":"https:\/\/www.europesays.com\/pt\/wp-json\/wp\/v2\/types\/post"}],"author":[{"embeddable":true,"href":"https:\/\/www.europesays.com\/pt\/wp-json\/wp\/v2\/users\/2"}],"replies":[{"embeddable":true,"href":"https:\/\/www.europesays.com\/pt\/wp-json\/wp\/v2\/comments?post=96424"}],"version-history":[{"count":0,"href":"https:\/\/www.europesays.com\/pt\/wp-json\/wp\/v2\/posts\/96424\/revisions"}],"wp:featuredmedia":[{"embeddable":true,"href":"https:\/\/www.europesays.com\/pt\/wp-json\/wp\/v2\/media\/96425"}],"wp:attachment":[{"href":"https:\/\/www.europesays.com\/pt\/wp-json\/wp\/v2\/media?parent=96424"}],"wp:term":[{"taxonomy":"category","embeddable":true,"href":"https:\/\/www.europesays.com\/pt\/wp-json\/wp\/v2\/categories?post=96424"},{"taxonomy":"post_tag","embeddable":true,"href":"https:\/\/www.europesays.com\/pt\/wp-json\/wp\/v2\/tags?post=96424"}],"curies":[{"name":"wp","href":"https:\/\/api.w.org\/{rel}","templated":true}]}}