{"id":96466,"date":"2025-10-03T02:35:10","date_gmt":"2025-10-03T02:35:10","guid":{"rendered":"https:\/\/www.europesays.com\/pt\/96466\/"},"modified":"2025-10-03T02:35:10","modified_gmt":"2025-10-03T02:35:10","slug":"jimmy-fallon-diz-que-o-seu-programa-nunca-foi-politico-02-10-2025-ilustrada","status":"publish","type":"post","link":"https:\/\/www.europesays.com\/pt\/96466\/","title":{"rendered":"Jimmy Fallon diz que o seu programa nunca foi pol\u00edtico &#8211; 02\/10\/2025 &#8211; Ilustrada"},"content":{"rendered":"<p><a href=\"https:\/\/f5.folha.uol.com.br\/televisao\/2024\/03\/cnbc-negocia-vinda-de-jimmy-fallon-ao-brasil-para-inauguracao-de-novo-canal.shtml\" rel=\"nofollow noopener\" target=\"\">Jimmy Fallon<\/a> disse que seu programa, o <a href=\"https:\/\/www1.folha.uol.com.br\/ilustrada\/2025\/09\/entenda-como-talk-shows-como-os-de-jimmy-kimmel-se-tornaram-tao-politicos.shtml\" rel=\"nofollow noopener\" target=\"\">The Tonight Show<\/a>, &#8220;nunca foi realmente pol\u00edtico&#8221; e que ele pretende que continue dessa forma.<\/p>\n<p>&#8220;N\u00f3s atingimos ambos os lados igualmente, e tentamos fazer todo mundo rir, e \u00e9 realmente assim que o nosso programa funciona&#8221;, disse o apresentador em entrevista ao programa Squawk on the Street, da <a href=\"https:\/\/f5.folha.uol.com.br\/colunistas\/outro-canal\/2024\/11\/por-que-novo-canal-de-noticias-se-chama-times-e-nao-cnbc-brasil-como-anunciado.shtml\" rel=\"nofollow noopener\" target=\"\">CNBC<\/a>.<\/p>\n<p>&#8220;Nossos mon\u00f3logos s\u00e3o praticamente os mesmos que fazemos desde que <a href=\"https:\/\/www1.folha.uol.com.br\/fsp\/ilustrad\/fq2401200508.htm\" rel=\"nofollow noopener\" target=\"\">Johnny Carson<\/a> apresentava &#8216;The Tonight Show&#8217;. Ent\u00e3o, realmente, eu apenas mantenho a cabe\u00e7a baixa e me certifico de que as piadas sejam engra\u00e7adas&#8221;, acrescentou Fallon. &#8220;Eu tenho \u00f3timos escritores&#8221;, acrescentou. &#8220;E estamos apenas tentando fazer o melhor programa poss\u00edvel e entreter a todos.&#8221;<\/p>\n<p>As discuss\u00f5es sobre a rela\u00e7\u00e3o entre talk shows como os de Fallon e a pol\u00edtica americana tem crescido nos \u00faltimos meses, especialmente diante de mundan\u00e7as relacionadas aos programas de Stephen Colbert e Jimmy Kimmel.<\/p>\n<p>Ambos j\u00e1 sofreram in\u00fameras cr\u00edticas do presidente americano e foram v\u00edtimas de mudan\u00e7as recentes que vem acontecendo na televis\u00e3o americana. O <a href=\"https:\/\/www1.folha.uol.com.br\/ilustrada\/2025\/07\/fim-do-talk-show-de-stephen-colbert-cala-voz-critica-a-donald-trump.shtml\" rel=\"nofollow noopener\" target=\"_blank\">The Late Show with Stephen Colbert<\/a> foi cancelado em julho, e segue no ar pela CBS at\u00e9 maio de 2026.<\/p>\n<p>Foram citadas quest\u00f5es or\u00e7ament\u00e1rias como justificativa. Na \u00e9poca, a <a href=\"https:\/\/f5.folha.uol.com.br\/colunistas\/outro-canal\/2025\/06\/paramount-nao-renovara-libertadores-e-tenta-vender-tvs-abertas-para-deixar-a-america-latina.shtml\" rel=\"nofollow noopener\" target=\"_blank\">Paramount<\/a>, dona da CBS, havia acabado de resolver uma disputa milion\u00e1ria com Trump e aguardava a aprova\u00e7\u00e3o federal de sua fus\u00e3o bilion\u00e1ria com a empresa <a href=\"https:\/\/www1.folha.uol.com.br\/ilustrada\/2025\/08\/paramount-fecha-fusao-de-us-8-bilhoes-com-skydance-em-meio-a-pressao-de-trump.shtml\" rel=\"nofollow noopener\" target=\"_blank\">Skydance<\/a>, acordo que foi conclu\u00eddo em agosto.<\/p>\n<p>O motivo do imbr\u00f3glio anterior era uma acusa\u00e7\u00e3o de que a empresa teria transmitido uma entrevista, durante as elei\u00e7\u00f5es presidenciais, que favorecia a sua ent\u00e3o advers\u00e1ria democrata <a href=\"https:\/\/www1.folha.uol.com.br\/folha-topicos\/kamala-harris\/\" rel=\"nofollow noopener\" target=\"_blank\">Kamala Harris<\/a>.<\/p>\n<p>A atra\u00e7\u00e3o de Kimmel, exibida pela ABC, por sua vez, foi suspensa em setembro durante uma semana, ap\u00f3s o apresentador comentar o assassinato do influenciador trumpista Charlie Kirk. &#8220;A turma do Maga [movimento <a href=\"https:\/\/www1.folha.uol.com.br\/webstories\/mundo\/2025\/02\/trump-o-que-e-o-movimento-maga\/\" rel=\"nofollow noopener\" target=\"_blank\">Make America Great Again<\/a>] est\u00e1 desesperada para caracterizar esse garoto que matou Charlie Kirk como qualquer coisa que n\u00e3o seja um deles e fazendo de tudo para tirar proveito pol\u00edtico disso&#8221;, disse ele durante uma das transmiss\u00f5es do programa.<\/p>\n<p>&#8220;Entre uma acusa\u00e7\u00e3o e outra, tamb\u00e9m houve luto&#8221;, acrescentou. No dia do assassinato, ele fez uma publica\u00e7\u00e3o em seu <a href=\"https:\/\/www1.folha.uol.com.br\/folha-topicos\/instagram\/\" rel=\"nofollow noopener\" target=\"_blank\">Instagram<\/a>, em que condenou o ataque e desejou o bem da fam\u00edlia de Kirk.<\/p>\n<p>O an\u00fancio da suspens\u00e3o foi feito no dia 17 pela Sinclair e pela Nexstar, duas grandes donas de afiliadas da ABC. Quem tamb\u00e9m se incomodou com os coment\u00e1rios foi <a href=\"https:\/\/www1.folha.uol.com.br\/ilustrada\/2025\/09\/executivos-da-disney-decidiram-tirar-jimmy-kimmel-do-ar-afirma-jornal.shtml\" rel=\"nofollow noopener\" target=\"_blank\">Brendar Carr<\/a>, presidente da <a href=\"https:\/\/www1.folha.uol.com.br\/colunas\/painel\/2024\/09\/membro-de-orgao-dos-eua-que-regula-comunicacao-critica-anatel-por-banir-x.shtml\" rel=\"nofollow noopener\" target=\"_blank\">Comiss\u00e3o Federal de Comunica\u00e7\u00f5es<\/a> \u2014respons\u00e1vel por regulamentar as comunica\u00e7\u00f5es e a m\u00eddia dos EUA.<\/p>\n<p>Na \u00e9poca, Fallon fez uma piada sobre o assunto no The Tonight Show e condenou a decis\u00e3o adotada contra a atra\u00e7\u00e3o de Kimmel.<\/p>\n<p>\u00c9 a esta ag\u00eancia federal que cabe a aprova\u00e7\u00e3o de uma grande fus\u00e3o em andamento entre a Nexstar e a empresa <a href=\"https:\/\/www1.folha.uol.com.br\/mercado\/1180995-grupo-de-logistica-tegma-registra-alta-de-48-no-lucro-do-trimestre.shtml\" rel=\"nofollow noopener\" target=\"_blank\">Tegna<\/a>, que, uma vez aprovada, traria \u00e0 primeira o alcance televisivo a 90% dos domic\u00edlios americanos.<\/p>\n<p>O Jimmy Kimmel Live! foi retomado no dia 23 de setembro, ap\u00f3s diversas celebridades terem condenado a suspens\u00e3o do programa e a Disney, dona da ABC, sofrer preju\u00edzos, No mesmo dia, Carr, disse que as suas manifesta\u00e7\u00f5es contr\u00e1rias \u00e0 fala de Kimmel n\u00e3o tiveram qualquer rela\u00e7\u00e3o com a decis\u00e3o da ABC de suspender o Jimmy Kimmel Live!.<\/p>\n","protected":false},"excerpt":{"rendered":"Jimmy Fallon disse que seu programa, o The Tonight Show, &#8220;nunca foi realmente pol\u00edtico&#8221; e que ele pretende&hellip;\n","protected":false},"author":2,"featured_media":96467,"comment_status":"","ping_status":"","sticky":false,"template":"","format":"standard","meta":{"footnotes":""},"categories":[142],"tags":[92,114,115,235,236,11011,1724,32,3786,33,11724,218,151],"class_list":{"0":"post-96466","1":"post","2":"type-post","3":"status-publish","4":"format-standard","5":"has-post-thumbnail","7":"category-tv","8":"tag-donald-trump","9":"tag-entertainment","10":"tag-entretenimento","11":"tag-estados-unidos","12":"tag-folha","13":"tag-jimmy-kimmel","14":"tag-jimmy-kimmel-live","15":"tag-portugal","16":"tag-programa","17":"tag-pt","18":"tag-talk-show","19":"tag-televisao","20":"tag-tv"},"share_on_mastodon":{"url":"","error":""},"_links":{"self":[{"href":"https:\/\/www.europesays.com\/pt\/wp-json\/wp\/v2\/posts\/96466","targetHints":{"allow":["GET"]}}],"collection":[{"href":"https:\/\/www.europesays.com\/pt\/wp-json\/wp\/v2\/posts"}],"about":[{"href":"https:\/\/www.europesays.com\/pt\/wp-json\/wp\/v2\/types\/post"}],"author":[{"embeddable":true,"href":"https:\/\/www.europesays.com\/pt\/wp-json\/wp\/v2\/users\/2"}],"replies":[{"embeddable":true,"href":"https:\/\/www.europesays.com\/pt\/wp-json\/wp\/v2\/comments?post=96466"}],"version-history":[{"count":0,"href":"https:\/\/www.europesays.com\/pt\/wp-json\/wp\/v2\/posts\/96466\/revisions"}],"wp:featuredmedia":[{"embeddable":true,"href":"https:\/\/www.europesays.com\/pt\/wp-json\/wp\/v2\/media\/96467"}],"wp:attachment":[{"href":"https:\/\/www.europesays.com\/pt\/wp-json\/wp\/v2\/media?parent=96466"}],"wp:term":[{"taxonomy":"category","embeddable":true,"href":"https:\/\/www.europesays.com\/pt\/wp-json\/wp\/v2\/categories?post=96466"},{"taxonomy":"post_tag","embeddable":true,"href":"https:\/\/www.europesays.com\/pt\/wp-json\/wp\/v2\/tags?post=96466"}],"curies":[{"name":"wp","href":"https:\/\/api.w.org\/{rel}","templated":true}]}}