{"id":96516,"date":"2025-10-03T04:00:57","date_gmt":"2025-10-03T04:00:57","guid":{"rendered":"https:\/\/www.europesays.com\/pt\/96516\/"},"modified":"2025-10-03T04:00:57","modified_gmt":"2025-10-03T04:00:57","slug":"taylor-swift-teria-feito-discurso-em-casamento-de-selena-gomez-e-benny-blanco-diz-revista","status":"publish","type":"post","link":"https:\/\/www.europesays.com\/pt\/96516\/","title":{"rendered":"Taylor Swift teria feito discurso em casamento de Selena Gomez e Benny Blanco, diz revista"},"content":{"rendered":"<p>Selena Gomez e Benny Blanco se casaram no \u00faltimo s\u00e1bado, dia 27. Desde ent\u00e3o, o casal compartilhou cliques da cerim\u00f4nia e os dois se declararam nas redes sociais. Agora, a revista People deu mais detalhes do evento.\u00a0<\/p>\n<p>Uma fonte contou ao ve\u00edculo sobre o jantar de ensaio, que rolou na sexta-feira, dia 26, destacando que o momento j\u00e1 estava com um clima maravilhoso:<\/p>\n<p>As festividades do casamento come\u00e7aram ontem com um jantar de ensaio em uma propriedade privada e de luxo.\u00a0Foi a melhor vibe. O jantar continuou at\u00e9 bem tarde da noite. Os convidados se divertiram muito.\u00a0<\/p>\n<p>J\u00e1 sobre a <a href=\"https:\/\/www.estrelando.com.br\/nota\/2025\/09\/28\/selena-gomez-se-casa-com-benny-blanco-em-cerimonia-intimista-confira-as-fotos-314540\" rel=\"nofollow noopener\" target=\"_blank\">cerim\u00f4nia<\/a>, outra fonte pr\u00f3xima ao casal comentou o dia especial:\u00a0<\/p>\n<p>Havia tanto amor no ambiente.\u00a0Na recep\u00e7\u00e3o, todos se soltaram e comemoraram at\u00e9 tarde da noite. O clima estava muito divertido.<\/p>\n<p>A fonte ainda adicionou que os\u00a0rec\u00e9m-casados estavam brilhantes a noite toda e n\u00e3o conseguiam parar de sorrir.\u00a0<\/p>\n<p>Ela ainda deu mais detalhes sobre os votos:<\/p>\n<p>A cerim\u00f4nia levou os convidados \u00e0s l\u00e1grimas. Eles escreveram seus pr\u00f3prios votos, que foram engra\u00e7ados e sentimentais.<\/p>\n<p><b>Convidados<\/b><\/p>\n<p>Ao que tudo indica, a lista de convidados foi repleta de celebridades. E claro que <a href=\"https:\/\/www.estrelando.com.br\/nota\/2025\/09\/17\/em-podcast-travis-kelce-revela-detalhes-de-casamento-com-taylor-swift-313884\" rel=\"nofollow noopener\" target=\"_blank\">Taylor Swift<\/a>, amiga de longa data da Selena, n\u00e3o poderia ficar de fora! Segundo a revista\u00a0People, a loirinha discursou no casamento da melhor amiga.\u00a0Al\u00e9m dela, os colegas de elenco da cantora, da s\u00e9rie Only Murders in the Building,\u00a0Steve Martin e Martin Short, tamb\u00e9m teriam feito um discurso conjunto.<\/p>\n<p>Paul Rudd,\u00a0\u00c9dgar Ram\u00edrez, Zoe Salda\u00f1a,\u00a0Ed Sheeran, Paris Hilton, SZA, Camila Cabello, Cara Delevingne, Eric Andr\u00e9 e Finneas, s\u00e3o alguns nomes de <a href=\"https:\/\/www.estrelando.com.br\/foto\/2025\/09\/09\/confira-a-trajetoria-da-carreira-de-selena-gomez-282932\" rel=\"nofollow noopener\" target=\"_blank\">famosos <\/a>que tamb\u00e9m compareceram \u00e0 cerim\u00f4nia.<\/p>\n","protected":false},"excerpt":{"rendered":"Selena Gomez e Benny Blanco se casaram no \u00faltimo s\u00e1bado, dia 27. Desde ent\u00e3o, o casal compartilhou cliques&hellip;\n","protected":false},"author":2,"featured_media":96517,"comment_status":"","ping_status":"","sticky":false,"template":"","format":"standard","meta":{"footnotes":""},"categories":[141],"tags":[211,1902,114,115,1899,980,1905,1650,149,150,13,1898,32,33,1904,1903,1900,1906,941,1901],"class_list":{"0":"post-96516","1":"post","2":"type-post","3":"status-publish","4":"format-standard","5":"has-post-thumbnail","7":"category-musica","8":"tag-celebridades","9":"tag-enquetes","10":"tag-entertainment","11":"tag-entretenimento","12":"tag-estilo","13":"tag-famosos","14":"tag-foruns","15":"tag-fotos","16":"tag-music","17":"tag-musica","18":"tag-noticias","19":"tag-perfis","20":"tag-portugal","21":"tag-pt","22":"tag-quizes","23":"tag-rakings","24":"tag-realities","25":"tag-red-carpet","26":"tag-series","27":"tag-teens"},"share_on_mastodon":{"url":"","error":""},"_links":{"self":[{"href":"https:\/\/www.europesays.com\/pt\/wp-json\/wp\/v2\/posts\/96516","targetHints":{"allow":["GET"]}}],"collection":[{"href":"https:\/\/www.europesays.com\/pt\/wp-json\/wp\/v2\/posts"}],"about":[{"href":"https:\/\/www.europesays.com\/pt\/wp-json\/wp\/v2\/types\/post"}],"author":[{"embeddable":true,"href":"https:\/\/www.europesays.com\/pt\/wp-json\/wp\/v2\/users\/2"}],"replies":[{"embeddable":true,"href":"https:\/\/www.europesays.com\/pt\/wp-json\/wp\/v2\/comments?post=96516"}],"version-history":[{"count":0,"href":"https:\/\/www.europesays.com\/pt\/wp-json\/wp\/v2\/posts\/96516\/revisions"}],"wp:featuredmedia":[{"embeddable":true,"href":"https:\/\/www.europesays.com\/pt\/wp-json\/wp\/v2\/media\/96517"}],"wp:attachment":[{"href":"https:\/\/www.europesays.com\/pt\/wp-json\/wp\/v2\/media?parent=96516"}],"wp:term":[{"taxonomy":"category","embeddable":true,"href":"https:\/\/www.europesays.com\/pt\/wp-json\/wp\/v2\/categories?post=96516"},{"taxonomy":"post_tag","embeddable":true,"href":"https:\/\/www.europesays.com\/pt\/wp-json\/wp\/v2\/tags?post=96516"}],"curies":[{"name":"wp","href":"https:\/\/api.w.org\/{rel}","templated":true}]}}