{"id":96570,"date":"2025-10-03T05:43:13","date_gmt":"2025-10-03T05:43:13","guid":{"rendered":"https:\/\/www.europesays.com\/pt\/96570\/"},"modified":"2025-10-03T05:43:13","modified_gmt":"2025-10-03T05:43:13","slug":"a-tosse-convulsa-esta-de-novo-a-aumentar-e-os-bebes-sao-os-que-correm-maior-risco-alertam-os-especialistas","status":"publish","type":"post","link":"https:\/\/www.europesays.com\/pt\/96570\/","title":{"rendered":"A tosse convulsa est\u00e1 de novo a aumentar e os beb\u00e9s s\u00e3o os que correm maior risco, alertam os especialistas"},"content":{"rendered":"<p>\n         Publicado a<br \/>\n            03\/10\/2025 &#8211; 7:35 GMT+2\n            <\/p>\n<p>          <img decoding=\"async\" class=\"c-ad__placeholder__logo\" src=\"https:\/\/static.euronews.com\/website\/images\/logos\/logo-euronews-stacked-outlined-72x72-grey-9.svg\" width=\"72\" height=\"72\" alt=\"\" loading=\"lazy\"\/><br \/>\n          PUBLICIDADE<\/p>\n<p><strong>A tosse<\/strong> convulsa est\u00e1 a regressar de forma alarmante \u00e0 Europa e aos Estados Unidos, com casos que ultrapassam agora os n\u00edveis pr\u00e9-pand\u00e9micos.<\/p>\n<p>Ap\u00f3s v\u00e1rios anos de circula\u00e7\u00e3o relativamente baixa durante a <strong>pandemia de COVID-19<\/strong>, a infe\u00e7\u00e3o respirat\u00f3ria altamente contagiosa, por vezes designada por &#8220;tosse dos 100 dias&#8221;, est\u00e1 de novo a aumentar e os m\u00e9dicos alertam para o facto de os beb\u00e9s serem os que correm maior risco.<\/p>\n<p>Nos adultos e nas crian\u00e7as mais velhas, a tosse convulsa pode significar semanas ou mesmo meses de acessos de tosse incessantes. Mas para os beb\u00e9s com menos de dois meses de idade, que s\u00e3o demasiado novos para serem vacinados, a doen\u00e7a pode ser fatal.<\/p>\n<p>O <strong>Centro Europeu de Preven\u00e7\u00e3o e Controlo das Doen\u00e7as<\/strong> (ECDC) comunicou mais de 25 000 casos em toda a UE\/EEE em 2023 e mais de 32 000 casos apenas nos primeiros tr\u00eas meses de 2024.<\/p>\n<p>&#8220;Os sintomas da tosse convulsa s\u00e3o diferentes nos beb\u00e9s&#8221;, afirmou Caitlin Li, especialista em doen\u00e7as infeciosas do Ann &amp; Robert H. Lurie Children&#8217;s Hospital of Chicago, num artigo especial publicado na Pediatrics. &#8220;A tosse convulsa carater\u00edstica pode estar ausente, mas a apneia, ou interrup\u00e7\u00e3o da respira\u00e7\u00e3o, \u00e9 comum&#8221;.<\/p>\n<p>A doen\u00e7a nos beb\u00e9s tamb\u00e9m pode aparecer com contagens muito elevadas de gl\u00f3bulos brancos, conhecida como leucocitose, que por vezes pode ser confundida com doen\u00e7as n\u00e3o infecciosas como o cancro.<\/p>\n<p>Porque \u00e9 que os casos de tosse convulsa est\u00e3o a aumentar?<\/p>\n<p>Uma das principais raz\u00f5es para o aumento do n\u00famero de casos deve-se \u00e0 recupera\u00e7\u00e3o p\u00f3s-pand\u00e9mica. Durante a pandemia de COVID-19, a utiliza\u00e7\u00e3o generalizada de m\u00e1scaras, o encerramento de escolas e as restri\u00e7\u00f5es \u00e0s reuni\u00f5es reduziram a circula\u00e7\u00e3o de muitas infe\u00e7\u00f5es respirat\u00f3rias, incluindo a tosse convulsa.<\/p>\n<p>A tosse convulsa tamb\u00e9m segue ciclos epid\u00e9micos naturais, com uma tend\u00eancia de aumento do n\u00famero de casos a cada tr\u00eas a cinco anos, mesmo em pa\u00edses com elevada cobertura vacinal.<\/p>\n<p>Tratamentos e preven\u00e7\u00e3o da tosse convulsa<\/p>\n<p>Uma vez que os beb\u00e9s s\u00e3o t\u00e3o vulner\u00e1veis, os especialistas sublinham que a vacina\u00e7\u00e3o durante a gravidez \u00e9 essencial. Os anticorpos transmitidos da m\u00e3e para o filho atrav\u00e9s da placenta proporcionam uma prote\u00e7\u00e3o crucial nas primeiras semanas de vida.<\/p>\n<p>&#8220;Dado que os beb\u00e9s correm um risco elevado de complica\u00e7\u00f5es, a vacina\u00e7\u00e3o das m\u00e3es contra a tosse convulsa durante a gravidez \u00e9 fundamental, uma vez que protege os rec\u00e9m-nascidos contra esta doen\u00e7a potencialmente fatal&#8221;, afirmou Li. &#8220;A vacina\u00e7\u00e3o generalizada \u00e9 tamb\u00e9m uma ferramenta importante para proteger toda a gente&#8221;.<\/p>\n<p>Os Centros de Controlo e Preven\u00e7\u00e3o de Doen\u00e7as dos EUA (CDC) recomendam cinco doses infantis da vacina DTaP entre os dois meses e os seis anos de idade, mais um refor\u00e7o na adolesc\u00eancia.<\/p>\n<p>Mas o passo mais urgente, sublinha o CDC, \u00e9 a vacina\u00e7\u00e3o materna universal durante cada gravidez, idealmente entre as 27 e as 36 semanas de gesta\u00e7\u00e3o. Esta medida tem-se revelado altamente eficaz, com <strong>an\u00e1lises recentes<\/strong> que sugerem que a vacina\u00e7\u00e3o materna reduz o risco de tosse convulsa grave nos beb\u00e9s at\u00e9 85%.<\/p>\n<p>Para al\u00e9m da vacina\u00e7\u00e3o de rotina dos beb\u00e9s e da vacina\u00e7\u00e3o das mulheres gr\u00e1vidas, a OMS Europa recomenda que as pessoas que contraem tosse convulsa sejam tratadas rapidamente com antibi\u00f3ticos e n\u00e3o entrem em contacto com beb\u00e9s, crian\u00e7as pequenas ou mulheres gr\u00e1vidas.<\/p>\n<p>De acordo com a Public Health France, mais de metade das crian\u00e7as infectadas com tosse convulsa contraem-na atrav\u00e9s de um dos pais.<\/p>\n","protected":false},"excerpt":{"rendered":"Publicado a 03\/10\/2025 &#8211; 7:35 GMT+2 PUBLICIDADE A tosse convulsa est\u00e1 a regressar de forma alarmante \u00e0 Europa&hellip;\n","protected":false},"author":2,"featured_media":96571,"comment_status":"","ping_status":"","sticky":false,"template":"","format":"standard","meta":{"footnotes":""},"categories":[86],"tags":[838,23845,116,32,33,117,896,2820],"class_list":{"0":"post-96570","1":"post","2":"type-post","3":"status-publish","4":"format-standard","5":"has-post-thumbnail","7":"category-saude","8":"tag-criancas","9":"tag-cuidados-de-saude","10":"tag-health","11":"tag-portugal","12":"tag-pt","13":"tag-saude","14":"tag-saude-publica","15":"tag-vacinacao"},"share_on_mastodon":{"url":"","error":""},"_links":{"self":[{"href":"https:\/\/www.europesays.com\/pt\/wp-json\/wp\/v2\/posts\/96570","targetHints":{"allow":["GET"]}}],"collection":[{"href":"https:\/\/www.europesays.com\/pt\/wp-json\/wp\/v2\/posts"}],"about":[{"href":"https:\/\/www.europesays.com\/pt\/wp-json\/wp\/v2\/types\/post"}],"author":[{"embeddable":true,"href":"https:\/\/www.europesays.com\/pt\/wp-json\/wp\/v2\/users\/2"}],"replies":[{"embeddable":true,"href":"https:\/\/www.europesays.com\/pt\/wp-json\/wp\/v2\/comments?post=96570"}],"version-history":[{"count":0,"href":"https:\/\/www.europesays.com\/pt\/wp-json\/wp\/v2\/posts\/96570\/revisions"}],"wp:featuredmedia":[{"embeddable":true,"href":"https:\/\/www.europesays.com\/pt\/wp-json\/wp\/v2\/media\/96571"}],"wp:attachment":[{"href":"https:\/\/www.europesays.com\/pt\/wp-json\/wp\/v2\/media?parent=96570"}],"wp:term":[{"taxonomy":"category","embeddable":true,"href":"https:\/\/www.europesays.com\/pt\/wp-json\/wp\/v2\/categories?post=96570"},{"taxonomy":"post_tag","embeddable":true,"href":"https:\/\/www.europesays.com\/pt\/wp-json\/wp\/v2\/tags?post=96570"}],"curies":[{"name":"wp","href":"https:\/\/api.w.org\/{rel}","templated":true}]}}