{"id":96588,"date":"2025-10-03T06:10:22","date_gmt":"2025-10-03T06:10:22","guid":{"rendered":"https:\/\/www.europesays.com\/pt\/96588\/"},"modified":"2025-10-03T06:10:22","modified_gmt":"2025-10-03T06:10:22","slug":"napoles-entre-futebol-e-protestos-parece-uma-panela-de-pressao","status":"publish","type":"post","link":"https:\/\/www.europesays.com\/pt\/96588\/","title":{"rendered":"N\u00e1poles, entre futebol e protestos, parece uma panela de press\u00e3o"},"content":{"rendered":"<p>N\u00e1poles parece, esta quarta-feira, uma panela de press\u00e3o: aos confrontos entre adeptos antes da Liga dos Campe\u00f5es entre o Sporting e o N\u00e1poles juntam-se manifesta\u00e7\u00f5es em solidariedade com a flotilha humanit\u00e1ria intercetada por Israel.<\/p>\n<p data-remotead-prev-elm=\"true\" data-remotead-elm-id=\"inread\">Duas horas depois de o Sporting anunciar a &#8220;Miss\u00e3o N\u00e1poles&#8221; nas redes sociais, dezenas de ultras napolitanos cercaram os adeptos leoninos, num encontro hostil que obrigou \u00e0 interven\u00e7\u00e3o policial e \u00e0 mobiliza\u00e7\u00e3o de autocarros para retirar os portugueses em seguran\u00e7a. Um adepto sportinguista teve de ser hospitalizado, sem risco de vida.<\/p>\n<p><img decoding=\"async\" class=\"ngx-body\" guid=\"0a12af8e-644f-4777-9237-11680b5a351d\" src=\"https:\/\/www.europesays.com\/pt\/wp-content\/uploads\/2025\/10\/1759471822_374_image.jpg\" width=\"100%\"\/><\/p>\n<p data-remotead-prev-elm=\"true\" data-remotead-elm-id=\"centro1\">Na noite anterior, os mesmos grupos de ultras j\u00e1 tinham gerado desacatos junto ao hotel do Sporting, obrigando a pol\u00edcia italiana a refor\u00e7ar a vigil\u00e2ncia em v\u00e1rios pontos da cidade. De acordo com a imprensa local, algumas lojas e restaurantes foram alvo de pilhagens, resultando na deten\u00e7\u00e3o de seis adeptos napolitanos.<\/p>\n<p>Enquanto isso, estudantes e ativistas tomaram as ruas em protesto contra a interce\u00e7\u00e3o da flotilha humanit\u00e1ria Global Sumud, que se dirigia \u00e0 Faixa de Gaza e foi intercetada pelas for\u00e7as navais israelitas. Entre os detidos est\u00e3o a coordenadora do Bloco de Esquerda, Mariana Mort\u00e1gua, a atriz Sofia Apar\u00edcio e o ativista Miguel Duarte. A organiza\u00e7\u00e3o da flotilha denunciou a a\u00e7\u00e3o como &#8220;ilegal&#8221; e exigiu a liberta\u00e7\u00e3o imediata de todos os participantes.<\/p>\n<p data-remotead-prev-elm=\"true\" data-remotead-elm-id=\"centro2\">A Esta\u00e7\u00e3o Central foi bloqueada por manifestantes, interrompendo linhas ferrovi\u00e1rias regionais e de alta velocidade. Estudantes dos coletivos Collettivo Autorganizzato Universitario e Ecologia Politica tomaram os edif\u00edcios universit\u00e1rios, como o Departamento de Letras da Universidade Federico II e a sede da Universit\u00e0 L&#8217;Orientale, afirmando que a miss\u00e3o humanit\u00e1ria &#8220;n\u00e3o \u00e9 uma provoca\u00e7\u00e3o, mas uma a\u00e7\u00e3o civil contra a omiss\u00e3o dos governos&#8221;.<\/p>\n<p>No meio desta tens\u00e3o dupla, o jogo entre Sporting e N\u00e1poles decorre no Est\u00e1dio Diego Armando Maradona, sob forte vigil\u00e2ncia policial. Adeptos e manifestantes vivem uma noite em que futebol e pol\u00edtica se cruzam de forma inesperada, numa N\u00e1poles marcada por convuls\u00e3o e solidariedade.<\/p>\n","protected":false},"excerpt":{"rendered":"N\u00e1poles parece, esta quarta-feira, uma panela de press\u00e3o: aos confrontos entre adeptos antes da Liga dos Campe\u00f5es entre&hellip;\n","protected":false},"author":2,"featured_media":96589,"comment_status":"","ping_status":"","sticky":false,"template":"","format":"standard","meta":{"footnotes":""},"categories":[87],"tags":[135,257,20299,62,2100,32,33,34,134],"class_list":{"0":"post-96588","1":"post","2":"type-post","3":"status-publish","4":"format-standard","5":"has-post-thumbnail","7":"category-desporto","8":"tag-desporto","9":"tag-faixa-de-gaza","10":"tag-flotilha-humanitaria","11":"tag-mundo","12":"tag-napoles","13":"tag-portugal","14":"tag-pt","15":"tag-sporting","16":"tag-sports"},"share_on_mastodon":{"url":"","error":""},"_links":{"self":[{"href":"https:\/\/www.europesays.com\/pt\/wp-json\/wp\/v2\/posts\/96588","targetHints":{"allow":["GET"]}}],"collection":[{"href":"https:\/\/www.europesays.com\/pt\/wp-json\/wp\/v2\/posts"}],"about":[{"href":"https:\/\/www.europesays.com\/pt\/wp-json\/wp\/v2\/types\/post"}],"author":[{"embeddable":true,"href":"https:\/\/www.europesays.com\/pt\/wp-json\/wp\/v2\/users\/2"}],"replies":[{"embeddable":true,"href":"https:\/\/www.europesays.com\/pt\/wp-json\/wp\/v2\/comments?post=96588"}],"version-history":[{"count":0,"href":"https:\/\/www.europesays.com\/pt\/wp-json\/wp\/v2\/posts\/96588\/revisions"}],"wp:featuredmedia":[{"embeddable":true,"href":"https:\/\/www.europesays.com\/pt\/wp-json\/wp\/v2\/media\/96589"}],"wp:attachment":[{"href":"https:\/\/www.europesays.com\/pt\/wp-json\/wp\/v2\/media?parent=96588"}],"wp:term":[{"taxonomy":"category","embeddable":true,"href":"https:\/\/www.europesays.com\/pt\/wp-json\/wp\/v2\/categories?post=96588"},{"taxonomy":"post_tag","embeddable":true,"href":"https:\/\/www.europesays.com\/pt\/wp-json\/wp\/v2\/tags?post=96588"}],"curies":[{"name":"wp","href":"https:\/\/api.w.org\/{rel}","templated":true}]}}