{"id":96600,"date":"2025-10-03T06:24:08","date_gmt":"2025-10-03T06:24:08","guid":{"rendered":"https:\/\/www.europesays.com\/pt\/96600\/"},"modified":"2025-10-03T06:24:08","modified_gmt":"2025-10-03T06:24:08","slug":"ranking-uefa-fc-porto-e-sp-braga-colocam-portugal-como-lider-em-2025-26","status":"publish","type":"post","link":"https:\/\/www.europesays.com\/pt\/96600\/","title":{"rendered":"Ranking UEFA: FC Porto e Sp. Braga colocam Portugal como l\u00edder\u00a0em\u00a02025\/26"},"content":{"rendered":"<p>Apesar das derrotas na Liga dos Campe\u00f5es de Benfica e Sporting, as vit\u00f3rias do FC Porto e Sp. Braga colocaram Portugal na lideran\u00e7a do ranking da UEFA na temporada 2025\/26.<\/p>\n<p>Esta quinta-feira, fechados os jogos das tr\u00eas competi\u00e7\u00f5es europeias, Portugal tem agora 6.800 pontos na \u00e9poca, mais 0.800 pontos do que na semana passada, com a Inglaterra a seguir em segundo, com 6.722 pontos.\u00a0<\/p>\n<p>Traduzindo a aproxima\u00e7\u00e3o em n\u00fameros, Portugal acrescentou mais 0.800 pontos esta quinta-feira, fruto das vit\u00f3rias do Sp. Braga em casa do Celtic, em Glasgow, por 2-0, e do FC Porto na rece\u00e7\u00e3o ao Estrela Vermelha, no Est\u00e1dio do Drag\u00e3o, por 2-1. Cada triunfo vale dois pontos para efeitos de ranking, sendo que os quatro pontos pelas duas vit\u00f3rias s\u00e3o divididos pelos cinco clubes de Portugal na UEFA em 2025\/26, dando os tais 0.800.<\/p>\n<p>No final da temporada, os dois pa\u00edses que somarem mais pontos recebem uma vaga adicional na Liga dos Campe\u00f5es.<\/p>\n<p>No que toca ao ranking geral, Portugal continua em s\u00e9timo, melhorou o seu coeficiente: aproximou-se dos Pa\u00edses Baixos (6.\u00ba) e afastou-se da B\u00e9lgica (8.\u00ba). Na semana passada, Portugal tinha menos 3.200 pontos que os neerlandeses e mais 2.516 que os belgas. Com os resultados recentes, a diferen\u00e7a para o sexto lugar \u00e9 de 2.900 pontos, enquanto a B\u00e9lgica ficou em branco e j\u00e1 tem uma dist\u00e2ncia de 3.316.<\/p>\n<p><strong>O top-10 do Ranking UEFA:<\/strong><br \/>1.\u00ba: Inglaterra, 97.560<br \/>2.\u00ba: It\u00e1lia, 86.801<br \/>3.\u00ba: Espanha, 80.953<br \/>4.\u00ba: Alemanha, 77.258<br \/>5.\u00ba: Fran\u00e7a, 70.390<br \/>6.\u00ba: Pa\u00edses Baixos, 62.366<br \/>7.\u00ba: PORTUGAL, 59.466<br \/>8.\u00ba: B\u00e9lgica, 56.150<br \/>9.\u00ba: Turquia, 44.800<br \/>10.\u00ba: Ch\u00e9quia, 41.500<\/p>\n<p><strong>O top-10 do ranking da \u00e9poca:<\/strong><br \/>1.\u00ba: PORTUGAL, 6.800<br \/>2.\u00ba: Inglaterra, 6.721<br \/>3.\u00ba: Dinamarca, 6.625<br \/>4.\u00ba: Pol\u00f3nia, 6.375<br \/>5.\u00ba: Chipre, 6.250<br \/>6.\u00ba: Alemanha, 6.141<br \/>7.\u00ba: Espanha, 6.000<br \/>8.\u00ba: It\u00e1lia, 5.855<br \/>9.\u00ba: B\u00e9lgica, 5.300<br \/>10.\u00ba: Fran\u00e7a, 5.213<\/p>\n<p><strong>J\u00e1 segue o\u00a0<a href=\"https:\/\/eur05.safelinks.protection.outlook.com\/?url=http%3A%2F%2Fwhatsapp.com%2Fchannel%2F0029Va9lGKPGOj9nW79Pd117&amp;data=05%7C02%7Craasantos%40tvi.pt%7Cc89f401601d045b5d75d08ddfa7d0fda%7C13331a74bf1340369e500c52b4b83749%7C0%7C0%7C638942137220564686%7CUnknown%7CTWFpbGZsb3d8eyJFbXB0eU1hcGkiOnRydWUsIlYiOiIwLjAuMDAwMCIsIlAiOiJXaW4zMiIsIkFOIjoiTWFpbCIsIldUIjoyfQ%3D%3D%7C0%7C%7C%7C&amp;sdata=mvt8EGfiWBV0qeIQuLOH0DoFHBsFUuXU6%2FsJwNPYMQk%3D&amp;reserved=0\" title=\"whatsapp.com\/channel\/0029Va9lGKPGOj9nW79Pd117\" wbo-id=\"179\" rel=\"nofollow noopener\" target=\"_blank\">canal de Whatsapp do Maisfutebol<\/a>?\u00a0<\/strong><\/p>\n","protected":false},"excerpt":{"rendered":"Apesar das derrotas na Liga dos Campe\u00f5es de Benfica e Sporting, as vit\u00f3rias do FC Porto e Sp.&hellip;\n","protected":false},"author":2,"featured_media":86847,"comment_status":"","ping_status":"","sticky":false,"template":"","format":"standard","meta":{"footnotes":""},"categories":[87],"tags":[51,135,282,7706,4237,137,46,32,33,47,4564,9453,1233,34,134,2697],"class_list":{"0":"post-96600","1":"post","2":"type-post","3":"status-publish","4":"format-standard","5":"has-post-thumbnail","7":"category-desporto","8":"tag-benfica","9":"tag-desporto","10":"tag-fc-porto","11":"tag-liga-campeoes","12":"tag-liga-conferencia","13":"tag-liga-europa","14":"tag-maisfutebol","15":"tag-portugal","16":"tag-pt","17":"tag-pura-paixao","18":"tag-ranking","19":"tag-ranking-uefa","20":"tag-sp-braga","21":"tag-sporting","22":"tag-sports","23":"tag-uefa"},"share_on_mastodon":{"url":"","error":""},"_links":{"self":[{"href":"https:\/\/www.europesays.com\/pt\/wp-json\/wp\/v2\/posts\/96600","targetHints":{"allow":["GET"]}}],"collection":[{"href":"https:\/\/www.europesays.com\/pt\/wp-json\/wp\/v2\/posts"}],"about":[{"href":"https:\/\/www.europesays.com\/pt\/wp-json\/wp\/v2\/types\/post"}],"author":[{"embeddable":true,"href":"https:\/\/www.europesays.com\/pt\/wp-json\/wp\/v2\/users\/2"}],"replies":[{"embeddable":true,"href":"https:\/\/www.europesays.com\/pt\/wp-json\/wp\/v2\/comments?post=96600"}],"version-history":[{"count":0,"href":"https:\/\/www.europesays.com\/pt\/wp-json\/wp\/v2\/posts\/96600\/revisions"}],"wp:featuredmedia":[{"embeddable":true,"href":"https:\/\/www.europesays.com\/pt\/wp-json\/wp\/v2\/media\/86847"}],"wp:attachment":[{"href":"https:\/\/www.europesays.com\/pt\/wp-json\/wp\/v2\/media?parent=96600"}],"wp:term":[{"taxonomy":"category","embeddable":true,"href":"https:\/\/www.europesays.com\/pt\/wp-json\/wp\/v2\/categories?post=96600"},{"taxonomy":"post_tag","embeddable":true,"href":"https:\/\/www.europesays.com\/pt\/wp-json\/wp\/v2\/tags?post=96600"}],"curies":[{"name":"wp","href":"https:\/\/api.w.org\/{rel}","templated":true}]}}