{"id":96605,"date":"2025-10-03T06:35:10","date_gmt":"2025-10-03T06:35:10","guid":{"rendered":"https:\/\/www.europesays.com\/pt\/96605\/"},"modified":"2025-10-03T06:35:10","modified_gmt":"2025-10-03T06:35:10","slug":"vale-tudo-com-caixao-fechado-odete-pode-terminar-a-novela-viva-e-com-boy-do-lado","status":"publish","type":"post","link":"https:\/\/www.europesays.com\/pt\/96605\/","title":{"rendered":"Vale Tudo: Com caix\u00e3o fechado, Odete pode terminar a novela viva e com boy do lado"},"content":{"rendered":"<p>Em <a href=\"https:\/\/contigo.com.br\/tags\/vale-tudo\" rel=\"nofollow noopener\" target=\"_blank\"><strong>Vale Tudo<\/strong><\/a>, novela das 21h de Manuela Dias, Odete (<strong>Debora Bloch<\/strong>) ser\u00e1 assassinada no cap\u00edtulo da pr\u00f3xima segunda-feira (6). O corpo da dona da TCA ser\u00e1 encontrado no Copacabana Palace, hotel luxuoso do Rio de Janeiro.<\/p>\n<p>O vel\u00f3rio da poderosa ser\u00e1 com o caix\u00e3o fechado, o que logo causar\u00e1 a suspeita de que a pilantra pode estar viva. As autoridades seguir\u00e3o investigando o crime e alguns personagens ser\u00e3o os principais suspeitos.<\/p>\n<p>OS SUSPEITOS<\/p>\n<p>Celina (<strong>Malu Galli<\/strong>), C\u00e9sar (<strong>Cau\u00e3 Reymond<\/strong>) e Marco Aur\u00e9lio (<strong>Alexandre Nero<\/strong>) est\u00e3o na lista de poss\u00edveis culpados. Contudo, de acordo com o portal Leo Dias, o desfecho da v\u00edbora pode ser o mesmo que o marido de Leila (<strong>Carolina Dieckmmann<\/strong>) teve na vers\u00e3o original.<\/p>\n<p>TUDO MENTIRA?<\/p>\n<p>A c\u00ednica pode estar fingindo a pr\u00f3pria morte e ir embora do Brasil acompanhada de C\u00e9sar, dando \u2018uma banana\u2019 para o pa\u00eds que tanto despreza. Ainda n\u00e3o se sabe o que vai rolar no desfecho da hist\u00f3ria, que ser\u00e1 exibido no dia 17 de outubro.<\/p>\n<p>DEBORA BLOCH FALA SOBRE INTERPRETAR A ODETE DE VALE TUDO<\/p>\n<p>Entrevistada pelo Gshow, Debora Bloch, a Odete de Vale Tudo, falou sobre viver a vil\u00e3 no folhetim. \u201cEu tinha uma grande responsabilidade de recriar uma personagem ic\u00f4nica, que estava no imagin\u00e1rio de todo mundo, e que a Beatriz Segall fez brilhantemente. Era um desafio encontrar a minha Odete, a minha maneira de fazer a personagem, a minha interpreta\u00e7\u00e3o\u201d, declarou a estrela.<\/p>\n<p>\u201cN\u00e3o tive d\u00favidas que devia fazer e que seria incr\u00edvel, mas tive todos os medos de n\u00e3o acertar. Ao mesmo tempo, me sentia preparada e madura para uma personagem dessa \u2018monta\u2019 (risos). Venho me preparando h\u00e1 45 anos. Acho que estar madura como mulher e como atriz foi fundamental para fazer esse trabalho\u201d, apontou a <a href=\"https:\/\/www.instagram.com\/deborablochoficial\/?hl=pt\" rel=\"nofollow noopener\" target=\"_blank\">artista<\/a>.<\/p>\n<p>Leia tamb\u00e9m: <a href=\"https:\/\/contigo.com.br\/noticias\/novelas\/jornalista-da-globo-da-nota-zero-para-sumico-de-raquel-em-vale-tudo-sem-tramas-relevantes.phtml\" rel=\"nofollow noopener\" target=\"_blank\">Jornalista da Globo d\u00e1 nota zero para sumi\u00e7o de Raquel em Vale Tudo: \u2018Sem tramas relevantes\u2019<\/a><\/p>\n<p>\u00a0<\/p>\n<p>        <a href=\"https:\/\/contigo.com.br\/noticias\/author\/guilherme-rodrigues\" rel=\"nofollow noopener\" target=\"_blank\">&#13;<br \/>\n          <img loading=\"lazy\" alt=\"Guilherme Rodrigues\" src=\"https:\/\/www.europesays.com\/pt\/wp-content\/uploads\/2025\/10\/87ea0c62d226cc8edfdf275f3c1f15ebdbf1a99da8008d64442b7342eb38ee25\"  class=\"avatar avatar-115 photo rounded-circle mr-3\" height=\"115\" width=\"115\" decoding=\"async\"\/>        <\/a><\/p>\n<p><strong>Guilherme Rodrigues<\/strong> \u00e9 formado em Jornalismo na Unitau e trabalhou nos sites RD1 e Observat\u00f3rio da TV. Realiza mat\u00e9rias sobre TV e famosos.<\/p>\n<p>\t                                            <script async src=\"\/\/www.instagram.com\/embed.js\"><\/script><\/p>\n","protected":false},"excerpt":{"rendered":"Em Vale Tudo, novela das 21h de Manuela Dias, Odete (Debora Bloch) ser\u00e1 assassinada no cap\u00edtulo da pr\u00f3xima&hellip;\n","protected":false},"author":2,"featured_media":96606,"comment_status":"","ping_status":"","sticky":false,"template":"","format":"standard","meta":{"footnotes":""},"categories":[142],"tags":[114,115,17446,32,33,151,2154],"class_list":{"0":"post-96605","1":"post","2":"type-post","3":"status-publish","4":"format-standard","5":"has-post-thumbnail","7":"category-tv","8":"tag-entertainment","9":"tag-entretenimento","10":"tag-odete","11":"tag-portugal","12":"tag-pt","13":"tag-tv","14":"tag-vale-tudo"},"share_on_mastodon":{"url":"","error":""},"_links":{"self":[{"href":"https:\/\/www.europesays.com\/pt\/wp-json\/wp\/v2\/posts\/96605","targetHints":{"allow":["GET"]}}],"collection":[{"href":"https:\/\/www.europesays.com\/pt\/wp-json\/wp\/v2\/posts"}],"about":[{"href":"https:\/\/www.europesays.com\/pt\/wp-json\/wp\/v2\/types\/post"}],"author":[{"embeddable":true,"href":"https:\/\/www.europesays.com\/pt\/wp-json\/wp\/v2\/users\/2"}],"replies":[{"embeddable":true,"href":"https:\/\/www.europesays.com\/pt\/wp-json\/wp\/v2\/comments?post=96605"}],"version-history":[{"count":0,"href":"https:\/\/www.europesays.com\/pt\/wp-json\/wp\/v2\/posts\/96605\/revisions"}],"wp:featuredmedia":[{"embeddable":true,"href":"https:\/\/www.europesays.com\/pt\/wp-json\/wp\/v2\/media\/96606"}],"wp:attachment":[{"href":"https:\/\/www.europesays.com\/pt\/wp-json\/wp\/v2\/media?parent=96605"}],"wp:term":[{"taxonomy":"category","embeddable":true,"href":"https:\/\/www.europesays.com\/pt\/wp-json\/wp\/v2\/categories?post=96605"},{"taxonomy":"post_tag","embeddable":true,"href":"https:\/\/www.europesays.com\/pt\/wp-json\/wp\/v2\/tags?post=96605"}],"curies":[{"name":"wp","href":"https:\/\/api.w.org\/{rel}","templated":true}]}}