{"id":96613,"date":"2025-10-03T06:46:34","date_gmt":"2025-10-03T06:46:34","guid":{"rendered":"https:\/\/www.europesays.com\/pt\/96613\/"},"modified":"2025-10-03T06:46:34","modified_gmt":"2025-10-03T06:46:34","slug":"tenorio-jr-recebe-homenagem-de-caetano-e-gil-no-rio-01-10-2025-ilustrada","status":"publish","type":"post","link":"https:\/\/www.europesays.com\/pt\/96613\/","title":{"rendered":"Ten\u00f3rio Jr. recebe homenagem de Caetano e Gil no Rio &#8211; 01\/10\/2025 &#8211; Ilustrada"},"content":{"rendered":"<p>O pianista brasileiro <a href=\"https:\/\/www1.folha.uol.com.br\/ilustrada\/2025\/09\/tenorio-jr-e-encontrado-e-identificado-na-argentina-quase-50-anos-apos-morte.shtml\" rel=\"nofollow noopener\" target=\"\">Ten\u00f3rio Jr.<\/a>, sequestrado e assassinado na <a href=\"https:\/\/www1.folha.uol.com.br\/folha-topicos\/argentina\/\" rel=\"nofollow noopener\" target=\"_blank\">Argentina<\/a> \u00e0s v\u00e9speras do in\u00edcio da ditadura no pa\u00eds, foi homenageado nesta quarta-feira (1\u00b0) em evento no <a href=\"https:\/\/www1.folha.uol.com.br\/folha-topicos\/bndes\/\" rel=\"nofollow noopener\" target=\"_blank\">BNDES<\/a> (Banco Nacional de Desenvolvimento Econ\u00f4mico e Social), no Rio de Janeiro.<\/p>\n<p>O corpo do m\u00fasico foi identificado no m\u00eas passado, na Argentina, depois de quase 50 anos. V\u00edtima de m\u00faltiplos impactos de balas, ele fora enterrado em vala comum do cemit\u00e9rio municipal de Benav\u00eddez, com centenas de outros corpos.<\/p>\n<p>Os tr\u00eas netos que Ten\u00f3rio Jr. jamais conheceu discursaram na homenagem, que teve apresenta\u00e7\u00f5es de Joyce Moreno, amiga do pianista, <a href=\"https:\/\/www1.folha.uol.com.br\/folha-topicos\/gilberto-gil\/\" rel=\"nofollow noopener\" target=\"_blank\">Gilberto Gil<\/a> e <a href=\"https:\/\/www1.folha.uol.com.br\/folha-topicos\/caetano-veloso\/\" rel=\"nofollow noopener\" target=\"_blank\">Caetano Veloso<\/a>, que tamb\u00e9m o conheceram.<\/p>\n<p>&#8220;N\u00e3o conhecemos nosso av\u00f4 Ten\u00f3rio, mas crescemos com o peso da aus\u00eancia e especula\u00e7\u00f5es sobre um futuro violentamente arrancado. Mas a arte ressoa e a tecla do piano nunca deixou de tocar nas nossas casas&#8221;, afirmou Sofia Cerqueira, uma das netas de Ten\u00f3rio.<\/p>\n<p>&#8220;Nosso av\u00f4 era um artista, isso fez com que sua hist\u00f3ria n\u00e3o ca\u00edsse no esquecimento. Mas nenhuma v\u00edtima deve ser esquecida&#8221;, disse Marina Cerqueira, outra neta.<\/p>\n<p>Os filhos de Ten\u00f3rio \u2014Elisa, Andrea, Francisco e Margarida\u2014 subiram ao palco e receberam flores brancas de Caetano e Gil. Carmen, mulher de Ten\u00f3rio, morta em 2019, tamb\u00e9m foi lembrada. No tel\u00e3o, uma reprodu\u00e7\u00e3o de fotografia de Ten\u00f3rio Jr. ao piano foi projetada.<\/p>\n<p>Um trio formado por Rafael Carneiro ao piano, Bruno Aguilar no contrabaixo ac\u00fastico e Tutty Moreno na bateria tocaram os temas &#8220;Embalo&#8221; (Ten\u00f3rio Jr.) e &#8220;In\u00fatil Paisagem&#8221; (Tom Jobim e Aloysio de Oliveira), faixas do \u00fanico disco autoral de Ten\u00f3rio Jr., o &#8220;Embalo&#8221;, de 1964.<\/p>\n<p>&#8220;Ten\u00f3rio me procurou quando me mudei de Salvador para o Rio de Janeiro, depois do ex\u00edlio. Ia muito l\u00e1 para casa e vinha insinuando que a gente fizesse um disco. Ficamos com esse plano que nunca se concretizou&#8221;, disse Caetano. &#8220;Hoje estamos aqui para saudar o fato de que, pelo menos, rastros desse homem maravilhoso foram encontrados em <a href=\"https:\/\/www1.folha.uol.com.br\/folha-topicos\/buenos-aires\/\" rel=\"nofollow noopener\" target=\"_blank\">Buenos Aires<\/a>.&#8221;<\/p>\n<p>Ten\u00f3rio fez parte de uma gera\u00e7\u00e3o de m\u00fasicos que assentou as marcas do samba-jazz na m\u00fasica brasileira, na d\u00e9cada de 1960. O &#8220;Embalo&#8221;, disco do pianista gravado pela RGE, teve participa\u00e7\u00e3o de m\u00fasicos como Milton Banana (bateria), Paulo Moura (sax alto) e Meirelles (sax tenor).<\/p>\n<p>&#8220;Foi um m\u00fasico important\u00edssimo desse movimento de aproxima\u00e7\u00e3o mais intensa com a m\u00fasica negra americana, o jazz&#8221;, afirmou Gil.<\/p>\n<p>Lucas Guanini, membro da Equipe Argentina de Antropologia Forense (EAAF) respons\u00e1vel pela coleta das impress\u00f5es digitais, esteve presente no evento. Vera Paiva, professora de psicologia da USP (Universidade S\u00e3o Paulo) e filha de Rubens e Eunice Paiva, Elena Zafaroni, ativista uruguaia de direitos humanos, e Sara Mrad, representante da filial de Tucum\u00e1n das M\u00e3es de Pra\u00e7a de Maio, tamb\u00e9m compareceram.<\/p>\n<p>Ten\u00f3rio Jr. acompanhava Vin\u00edcius de Moraes e Toquinho durante turn\u00ea na Argentina. Antes, tinham se apresentado em Montevid\u00e9u, no Uruguai. Na madrugada de 18 de mar\u00e7o de 1976, ap\u00f3s um show na renomada casa de espet\u00e1culos Gran Rex, na avenida Corrientes, Ten\u00f3rio teria deixado um bilhete para <a href=\"https:\/\/www1.folha.uol.com.br\/ilustrada\/2025\/09\/a-musica-nunca-mudou-a-historia-de-um-pais-de-nada-afirma-cantor-toquinho.shtml\" rel=\"nofollow noopener\" target=\"_blank\">Toquinho<\/a>, com quem dividia um quarto no Hotel Normandie, no centro de Buenos Aires, dizendo que sairia para comprar cigarros e um lanche. Nunca mais voltou, e <a href=\"https:\/\/www1.folha.uol.com.br\/poder\/2025\/04\/levantamento-mapeia-perfil-de-vitimas-da-ditadura-militar-no-brasil.shtml\" rel=\"nofollow noopener\" target=\"_blank\">seu corpo n\u00e3o foi encontrado<\/a>.<\/p>\n<p>O corpo que agora se atribui ao m\u00fasico foi identificado por meio de impress\u00f5es digitais. As de Ten\u00f3rio Jr. estavam em dois \u00f3rg\u00e3os diferentes dedicados a buscas de pessoas desaparecidas durante a ditadura. Um cotejamento das informa\u00e7\u00f5es feito recentemente permitiu a identifica\u00e7\u00e3o do pianista.<\/p>\n<p>Os restos de Ten\u00f3rio Jr. foram encontrados na interse\u00e7\u00e3o entre a avenida General Belgrano e a Panamericana, na prov\u00edncia de Buenos Aires. Segundo a Justi\u00e7a, a morte teria ocorrido em 20 de mar\u00e7o de 1976, ou seja, apenas dois dias depois de seu sequestro. Quatro dias depois, dia 24, ocorreu o golpe militar da Argentina.<\/p>\n<p>V\u00e1rias especula\u00e7\u00f5es rondaram o caso todos esses anos. A mais aceita era a de que o m\u00fasico teria sido confundido com algum &#8220;subversivo&#8221; por sua apar\u00eancia \u2014naquela \u00e9poca, ter cabelos compridos, como boa parte dos artistas tinha, era sinal de desobedi\u00eancia em rela\u00e7\u00e3o ao sistema.<\/p>\n","protected":false},"excerpt":{"rendered":"O pianista brasileiro Ten\u00f3rio Jr., sequestrado e assassinado na Argentina \u00e0s v\u00e9speras do in\u00edcio da ditadura no pa\u00eds,&hellip;\n","protected":false},"author":2,"featured_media":96614,"comment_status":"","ping_status":"","sticky":false,"template":"","format":"standard","meta":{"footnotes":""},"categories":[145],"tags":[1126,1028,2424,2564,1558,23864,7401,13847,21887,6202,211,210,11764,114,115,236,2563,8866,6050,150,32,862,33],"class_list":{"0":"post-96613","1":"post","2":"type-post","3":"status-publish","4":"format-standard","5":"has-post-thumbnail","7":"category-celebridades","8":"tag-america-do-sul","9":"tag-america-latina","10":"tag-argentina","11":"tag-bela-gil","12":"tag-bndes","13":"tag-bndespar","14":"tag-buenos-aires","15":"tag-caetano","16":"tag-caetano-e-gil","17":"tag-caetano-veloso","18":"tag-celebridades","19":"tag-celebrities","20":"tag-ditadura-militar","21":"tag-entertainment","22":"tag-entretenimento","23":"tag-folha","24":"tag-gilberto-gil","25":"tag-governo-federal","26":"tag-mpb","27":"tag-musica","28":"tag-portugal","29":"tag-preta-gil","30":"tag-pt"},"share_on_mastodon":{"url":"","error":""},"_links":{"self":[{"href":"https:\/\/www.europesays.com\/pt\/wp-json\/wp\/v2\/posts\/96613","targetHints":{"allow":["GET"]}}],"collection":[{"href":"https:\/\/www.europesays.com\/pt\/wp-json\/wp\/v2\/posts"}],"about":[{"href":"https:\/\/www.europesays.com\/pt\/wp-json\/wp\/v2\/types\/post"}],"author":[{"embeddable":true,"href":"https:\/\/www.europesays.com\/pt\/wp-json\/wp\/v2\/users\/2"}],"replies":[{"embeddable":true,"href":"https:\/\/www.europesays.com\/pt\/wp-json\/wp\/v2\/comments?post=96613"}],"version-history":[{"count":0,"href":"https:\/\/www.europesays.com\/pt\/wp-json\/wp\/v2\/posts\/96613\/revisions"}],"wp:featuredmedia":[{"embeddable":true,"href":"https:\/\/www.europesays.com\/pt\/wp-json\/wp\/v2\/media\/96614"}],"wp:attachment":[{"href":"https:\/\/www.europesays.com\/pt\/wp-json\/wp\/v2\/media?parent=96613"}],"wp:term":[{"taxonomy":"category","embeddable":true,"href":"https:\/\/www.europesays.com\/pt\/wp-json\/wp\/v2\/categories?post=96613"},{"taxonomy":"post_tag","embeddable":true,"href":"https:\/\/www.europesays.com\/pt\/wp-json\/wp\/v2\/tags?post=96613"}],"curies":[{"name":"wp","href":"https:\/\/api.w.org\/{rel}","templated":true}]}}