{"id":96615,"date":"2025-10-03T06:49:16","date_gmt":"2025-10-03T06:49:16","guid":{"rendered":"https:\/\/www.europesays.com\/pt\/96615\/"},"modified":"2025-10-03T06:49:16","modified_gmt":"2025-10-03T06:49:16","slug":"novas-punicoes-ameacam-expulsao-de-participantes","status":"publish","type":"post","link":"https:\/\/www.europesays.com\/pt\/96615\/","title":{"rendered":"novas puni\u00e7\u00f5es amea\u00e7am expuls\u00e3o de participantes"},"content":{"rendered":"<p>A produ\u00e7\u00e3o de <strong><a href=\"https:\/\/www.otempo.com.br\/super-noticia\/famosos\/2025\/10\/1\/em-a-fazenda-17-tamires-assis-se-descuida-e-protagoniza-flagra-intimo\" target=\"_blank\" rel=\"noopener nofollow\">A Fazenda 2025 (Record)<\/a><\/strong> alertou que pe\u00f5es que causam puni\u00e7\u00f5es propositalmente podem ser expulsos do programa.\u00a0Dois descumprimentos de regras renderam novas puni\u00e7\u00f5es. &#8220;Os moradores da baia s\u00e3o proibidos de usar o reservado da sede, pias do banheiro, chuveiros, piscina, ofur\u00f4 e ducha da \u00e1rea externa (piscina). \u00c9 obrigat\u00f3rio o uso do microfone durante todo o tempo de perman\u00eancia&#8221;, disse o comunicado da produ\u00e7\u00e3o.<\/p>\n<p>Por n\u00e3o seguirem as exig\u00eancias do <strong><a href=\"https:\/\/www.otempo.com.br\/entretenimento\/2025\/10\/1\/a-fazenda-17-equipe-de-gaby-spanic-pretende-processar-peoes\" target=\"_blank\" rel=\"noopener nofollow\">reality rural<\/a><\/strong>, os pe\u00f5es foram castigados com a falta de g\u00e1s e o fechamento da academia. &#8220;Pelo descumprimento desta regra, voc\u00eas ter\u00e3o a prorroga\u00e7\u00e3o da puni\u00e7\u00e3o do g\u00e1s para mais 24 horas e ficar\u00e3o sem academia por 48 horas.&#8221;<\/p>\n<p>A produ\u00e7\u00e3o de <strong><a href=\"https:\/\/www.otempo.com.br\/entretenimento\/2025\/10\/1\/a-fazenda-17-rayane-expoe-que-gracyanne-errou-com-belo-assista\" target=\"_blank\" rel=\"noopener nofollow\">A Fazenda 17<\/a><\/strong> ainda amea\u00e7ou expulsar os causadores das puni\u00e7\u00f5es. &#8220;A sequ\u00eancia de puni\u00e7\u00f5es causadas propositalmente pode acarretar consequ\u00eancias espec\u00edficas para o pe\u00e3o que gerar a puni\u00e7\u00e3o e at\u00e9 levar \u00e0 eventual expuls\u00e3o&#8221;, concluiu o <strong><a href=\"https:\/\/www.otempo.com.br\/entretenimento\/2025\/9\/26\/dudu-camargo-vai-ser-expulso-de-a-fazenda-17-adriane-galisteu-esclarece\" target=\"_blank\" rel=\"noopener nofollow\">Fazendeiro Dudu Camargo<\/a><\/strong>, que leu o aviso aos confinados.<\/p>\n","protected":false},"excerpt":{"rendered":"A produ\u00e7\u00e3o de A Fazenda 2025 (Record) alertou que pe\u00f5es que causam puni\u00e7\u00f5es propositalmente podem ser expulsos do&hellip;\n","protected":false},"author":2,"featured_media":96616,"comment_status":"","ping_status":"","sticky":false,"template":"","format":"standard","meta":{"footnotes":""},"categories":[142],"tags":[4706,114,115,743,32,33,23865,23866,15403,151],"class_list":{"0":"post-96615","1":"post","2":"type-post","3":"status-publish","4":"format-standard","5":"has-post-thumbnail","7":"category-tv","8":"tag-a-fazenda-17","9":"tag-entertainment","10":"tag-entretenimento","11":"tag-expulsao","12":"tag-portugal","13":"tag-pt","14":"tag-punicoes","15":"tag-reality-rural","16":"tag-regras","17":"tag-tv"},"share_on_mastodon":{"url":"","error":""},"_links":{"self":[{"href":"https:\/\/www.europesays.com\/pt\/wp-json\/wp\/v2\/posts\/96615","targetHints":{"allow":["GET"]}}],"collection":[{"href":"https:\/\/www.europesays.com\/pt\/wp-json\/wp\/v2\/posts"}],"about":[{"href":"https:\/\/www.europesays.com\/pt\/wp-json\/wp\/v2\/types\/post"}],"author":[{"embeddable":true,"href":"https:\/\/www.europesays.com\/pt\/wp-json\/wp\/v2\/users\/2"}],"replies":[{"embeddable":true,"href":"https:\/\/www.europesays.com\/pt\/wp-json\/wp\/v2\/comments?post=96615"}],"version-history":[{"count":0,"href":"https:\/\/www.europesays.com\/pt\/wp-json\/wp\/v2\/posts\/96615\/revisions"}],"wp:featuredmedia":[{"embeddable":true,"href":"https:\/\/www.europesays.com\/pt\/wp-json\/wp\/v2\/media\/96616"}],"wp:attachment":[{"href":"https:\/\/www.europesays.com\/pt\/wp-json\/wp\/v2\/media?parent=96615"}],"wp:term":[{"taxonomy":"category","embeddable":true,"href":"https:\/\/www.europesays.com\/pt\/wp-json\/wp\/v2\/categories?post=96615"},{"taxonomy":"post_tag","embeddable":true,"href":"https:\/\/www.europesays.com\/pt\/wp-json\/wp\/v2\/tags?post=96615"}],"curies":[{"name":"wp","href":"https:\/\/api.w.org\/{rel}","templated":true}]}}