{"id":96617,"date":"2025-10-03T06:52:22","date_gmt":"2025-10-03T06:52:22","guid":{"rendered":"https:\/\/www.europesays.com\/pt\/96617\/"},"modified":"2025-10-03T06:52:22","modified_gmt":"2025-10-03T06:52:22","slug":"fc-porto-arrecadou-260-milhoes-em-vendas-de-jogadores-na-era-villas-boas","status":"publish","type":"post","link":"https:\/\/www.europesays.com\/pt\/96617\/","title":{"rendered":"FC Porto arrecadou 260 milh\u00f5es em vendas de jogadores na era Villas-Boas"},"content":{"rendered":"<p>259,8 milh\u00f5es de euros! Em tr\u00eas janelas de mercado sob a gest\u00e3o de Andr\u00e9 Villas-Boas o FC Porto atingiu este impressionante encaixe financeiro.<\/p>\n<p>Aos 63,4 milh\u00f5es de euros de vendas no ver\u00e3o de 2024 juntam-se os 85,7 milh\u00f5es deste defeso. Pelo meio, o FC Porto registou um mercado de inverno absolutamente at\u00edpico, gra\u00e7as aos 110,8 milh\u00f5es arrecadados com as vendas de Nico Gonz\u00e1lez (Manchester City) e Galeno (Al Ahli).<\/p>\n<p>Tudo somado, s\u00e3o praticamente 260 milh\u00f5es de euros realizados pela atual administra\u00e7\u00e3o do FC Porto, que ajudam a suportar em boa parte o maior mercado de sempre em termos de contrata\u00e7\u00f5es.<\/p>\n<p>O saldo altamente positivo nas duas janelas anteriores permitiu ao FC Porto gastar neste ver\u00e3o 112,5 milh\u00f5es de euros em contrata\u00e7\u00f5es. Ou seja, o grosso dos 156,6 milh\u00f5es de tr\u00eas mercados, o que mesmo assim em termos de compras corresponde a 60 por cento do encaixe realizado com as vendas de jogadores.<\/p>\n<p>\u00abNestes valores estamos j\u00e1 a incluir a opera\u00e7\u00e3o de compra do valor que faltava do passe do Samu, cuja op\u00e7\u00e3o decidimos antecipar. Se retir\u00e1ssemos o impacto dessa aquisi\u00e7\u00e3o, ter\u00edamos\u00a0investido cerca de metade do que vendemos. Mesmo assim, atualmente temos um valor recorde do plantel, que est\u00e1 avaliado em 392 milh\u00f5es de euros, segundo o Transfermarkt\u00bb, afirmou Jos\u00e9 Pereira da Costa, CFO do FC Porto, na apresenta\u00e7\u00e3o das contas da SAD, que decorreu esta quarta-feira no Est\u00e1dio do Drag\u00e3o.\u00a0<\/p>\n<p><img loading=\"lazy\" decoding=\"async\" alt=\"\" height=\"410\" src=\"https:\/\/www.europesays.com\/pt\/wp-content\/uploads\/2025\/10\/68dd2e4fd34e58bc679666fe.webp\" width=\"800\"\/><\/p>\n<p>\u00abHouve uma transforma\u00e7\u00e3o profunda da gest\u00e3o e finan\u00e7as do clube, obviamente vinculada a muitas opera\u00e7\u00f5es que fizemos, das quais destacamos as Dragon Notes e o neg\u00f3cio com a Ithaka, bem como as vendas de jogadores no ver\u00e3o do ano passado e em janeiro deste ano. Tudo isso tem impacto significativo nestas contas. O FC Porto n\u00e3o poderia reestruturar-se financeiramente se n\u00e3o tivesse feito estas opera\u00e7\u00f5es. Os\u00a0110 milh\u00f5es de euros com as vendas de Galeno e Nico Gonz\u00e1lez em janeiro podem ter tido impacto desportivo na equipa principal, mas\u00a0s\u00e3o opera\u00e7\u00f5es que t\u00ednhamos de fazer para manter o clube como clube de associados e para cumprir com as nossas obriga\u00e7\u00f5es para com fornecedores, jogadores, clubes e agentes\u00bb, afirmou Villas-Boas.<\/p>\n<p>Ultrapassada a primeira fase cr\u00edtica, a verdade \u00e9 que o FC Porto fez o maior investimento de sempre na equipa de futebol neste defeso. Dos 112,5 milh\u00f5es investidos, destaca-se o impacto financeiro das contrata\u00e7\u00f5es de Froholdt (20 M\u20ac), Alberto Costa (15 M\u20ac), Gabri Veiga (14,9 M\u20ac) e Borja Sainz (13,3 M\u20ac), bem como a aquisi\u00e7\u00e3o do valor remanescente do passe de Samu (17 M\u20ac) e o acionamento da cl\u00e1usula de compra de Nehu\u00e9n P\u00e9rez (13,25 M\u20ac).<\/p>\n<p>De referir, por exemplo, que o empr\u00e9stimo de F\u00e1bio Vieira saiu a custo zero, j\u00e1 que o m\u00e9dio portugu\u00eas n\u00e3o chegou a cumprir o m\u00ednimo de vari\u00e1veis desportivas necess\u00e1rias para que o FC Porto tivesse de compensar o Arsenal.<\/p>\n<p>Em sentido contr\u00e1rio, a venda de Francisco Concei\u00e7\u00e3o \u00e0 Juventus (32 M\u20ac) foi o maior neg\u00f3cio dos drag\u00f5es num defeso que rendeu mais de 85 milh\u00f5es. Outros encaixes financeiros relevantes realizaram-se com as sa\u00eddas de Ot\u00e1vio (17 M\u20ac, Paris FC), Jo\u00e3o M\u00e1rio (12 M\u20ac, Juventus) e Gon\u00e7alo Borges (10 M\u20ac, Feyenoord).<\/p>\n<p>De destacar ainda que o FC Porto gastou cerca de 10 milh\u00f5es de euros pagos em comiss\u00f5es a intermedi\u00e1rios pela compra e venda de jogadores, sendo que quase um ter\u00e7o deste valor se prendeu com a sa\u00edda de Francisco Concei\u00e7\u00e3o.\u00a0\u00a0<\/p>\n<p><img loading=\"lazy\" decoding=\"async\" alt=\"\" height=\"409\" src=\"https:\/\/www.europesays.com\/pt\/wp-content\/uploads\/2025\/10\/68dd2e4fd34ee0c2fed0c209.webp\" width=\"800\"\/><\/p>\n","protected":false},"excerpt":{"rendered":"259,8 milh\u00f5es de euros! Em tr\u00eas janelas de mercado sob a gest\u00e3o de Andr\u00e9 Villas-Boas o FC Porto&hellip;\n","protected":false},"author":2,"featured_media":96618,"comment_status":"","ping_status":"","sticky":false,"template":"","format":"standard","meta":{"footnotes":""},"categories":[87],"tags":[3969,19552,135,282,46,42,32,33,47,1486,134,35,1183,3042],"class_list":{"0":"post-96617","1":"post","2":"type-post","3":"status-publish","4":"format-standard","5":"has-post-thumbnail","7":"category-desporto","8":"tag-compras","9":"tag-contratacoes","10":"tag-desporto","11":"tag-fc-porto","12":"tag-maisfutebol","13":"tag-mercado","14":"tag-portugal","15":"tag-pt","16":"tag-pura-paixao","17":"tag-reforcos","18":"tag-sports","19":"tag-transferencias","20":"tag-vendas","21":"tag-villas-boas"},"share_on_mastodon":{"url":"","error":""},"_links":{"self":[{"href":"https:\/\/www.europesays.com\/pt\/wp-json\/wp\/v2\/posts\/96617","targetHints":{"allow":["GET"]}}],"collection":[{"href":"https:\/\/www.europesays.com\/pt\/wp-json\/wp\/v2\/posts"}],"about":[{"href":"https:\/\/www.europesays.com\/pt\/wp-json\/wp\/v2\/types\/post"}],"author":[{"embeddable":true,"href":"https:\/\/www.europesays.com\/pt\/wp-json\/wp\/v2\/users\/2"}],"replies":[{"embeddable":true,"href":"https:\/\/www.europesays.com\/pt\/wp-json\/wp\/v2\/comments?post=96617"}],"version-history":[{"count":0,"href":"https:\/\/www.europesays.com\/pt\/wp-json\/wp\/v2\/posts\/96617\/revisions"}],"wp:featuredmedia":[{"embeddable":true,"href":"https:\/\/www.europesays.com\/pt\/wp-json\/wp\/v2\/media\/96618"}],"wp:attachment":[{"href":"https:\/\/www.europesays.com\/pt\/wp-json\/wp\/v2\/media?parent=96617"}],"wp:term":[{"taxonomy":"category","embeddable":true,"href":"https:\/\/www.europesays.com\/pt\/wp-json\/wp\/v2\/categories?post=96617"},{"taxonomy":"post_tag","embeddable":true,"href":"https:\/\/www.europesays.com\/pt\/wp-json\/wp\/v2\/tags?post=96617"}],"curies":[{"name":"wp","href":"https:\/\/api.w.org\/{rel}","templated":true}]}}