{"id":96627,"date":"2025-10-03T07:06:05","date_gmt":"2025-10-03T07:06:05","guid":{"rendered":"https:\/\/www.europesays.com\/pt\/96627\/"},"modified":"2025-10-03T07:06:05","modified_gmt":"2025-10-03T07:06:05","slug":"liga-europa-fc-porto-vai-do-oito-ao-89-para-bater-estrela-vermelha-cronica-de-jogo","status":"publish","type":"post","link":"https:\/\/www.europesays.com\/pt\/96627\/","title":{"rendered":"Liga Europa: FC Porto vai do oito ao 89 para bater Estrela Vermelha | Cr\u00f3nica de jogo"},"content":{"rendered":"<p>Ao nono jogo, quando parecia esgotar-se a s\u00e9rie impar\u00e1vel de triunfos da era Francesco Farioli, o FC Porto acelerou mais uma vez em cima da meta para passar o sinal de perigo que o Estrela Vermelha exibiu no Drag\u00e3o. Depois do final de Salzburgo, o FC Porto voltou a vencer ao cair do pano (2-1), gra\u00e7as a um golo f\u00e1cil de Rodrigo Mora (89&#8242;), na segunda ronda da Liga Europa.<\/p>\n<p>Protegendo-se da eros\u00e3o provocada pelo<a href=\"https:\/\/www.publico.pt\/2025\/09\/29\/desporto\/cronica_de_jogo\/fc-porto-chegou-arouca-pressa-colheita-2149010\" rel=\"nofollow noopener\" target=\"_blank\"> ciclo de tr\u00eas jogos<\/a> em seis dias, claramente a projectar o cl\u00e1ssico frente a um Benfica com mais dois dias de recupera\u00e7\u00e3o, Francesco Farioli foi ao limite do risco com oito altera\u00e7\u00f5es no &#8220;onze&#8221; inicial.<\/p>\n<p>O t\u00e9cnico portista s\u00f3 n\u00e3o mexeu na baliza, no pilar da defesa Bednarek e no lateral Martim Fernandes, suspenso para a recep\u00e7\u00e3o aos &#8220;encarnados&#8221;.<\/p>\n<p>Apesar da &#8220;revolu\u00e7\u00e3o&#8221;, o FC Porto manteve o esp\u00edrito, a agressividade e a capacidade de circular a bola, esperando o momento certo de atacar um Estrela Vermelha que precisou de quase 30 minutos para se situar e encontrar as refer\u00eancias face a um advers\u00e1rio radicalmente diferente do imaginado pelos s\u00e9rvios.<\/p>\n<p>        &#13;<\/p>\n<blockquote class=\"twitter-tweet\" data-media-max-width=\"560\">\n<p lang=\"pt\" dir=\"ltr\">William Gomes faz o primeiro da noite no Porto ??<a href=\"https:\/\/twitter.com\/hashtag\/sporttvportugal?src=hash&amp;ref_src=twsrc%5Etfw\" rel=\"nofollow noopener\" target=\"_blank\">#sporttvportugal<\/a> <a href=\"https:\/\/twitter.com\/hashtag\/EUROPAnaSPORTTV?src=hash&amp;ref_src=twsrc%5Etfw\" rel=\"nofollow noopener\" target=\"_blank\">#EUROPAnaSPORTTV<\/a> <a href=\"https:\/\/twitter.com\/hashtag\/UefaEuropaLeague?src=hash&amp;ref_src=twsrc%5Etfw\" rel=\"nofollow noopener\" target=\"_blank\">#UefaEuropaLeague<\/a> <a href=\"https:\/\/twitter.com\/hashtag\/FCPorto?src=hash&amp;ref_src=twsrc%5Etfw\" rel=\"nofollow noopener\" target=\"_blank\">#FCPorto<\/a> <a href=\"https:\/\/twitter.com\/hashtag\/EstrelaVermelha?src=hash&amp;ref_src=twsrc%5Etfw\" rel=\"nofollow noopener\" target=\"_blank\">#EstrelaVermelha<\/a> <a href=\"https:\/\/twitter.com\/hashtag\/ConfiaBetano?src=hash&amp;ref_src=twsrc%5Etfw\" rel=\"nofollow noopener\" target=\"_blank\">#ConfiaBetano<\/a> <a href=\"https:\/\/twitter.com\/hashtag\/BetanoUEL?src=hash&amp;ref_src=twsrc%5Etfw\" rel=\"nofollow noopener\" target=\"_blank\">#BetanoUEL<\/a> <a href=\"https:\/\/t.co\/chqn1wzliL\" rel=\"nofollow\">pic.twitter.com\/chqn1wzliL<\/a><\/p>\n<p>\u2014 sport tv (@sporttvportugal) <a href=\"https:\/\/twitter.com\/sporttvportugal\/status\/1973830964603154600?ref_src=twsrc%5Etfw\" rel=\"nofollow noopener\" target=\"_blank\">October 2, 2025<\/a><\/p><\/blockquote>\n<p> &#13;<\/p>\n<p>Nesse hiato, o FC Porto colocou-se em vantagem, com William Gomes a marcar aos 8 minutos o segundo golo na prova, depois da estreia em Salzburgo. Desta vez,<a href=\"https:\/\/www.publico.pt\/2025\/09\/26\/desporto\/noticia\/william-gomes-miudo-abusa-papel-quimico-curvatura-circulo-2148724\" rel=\"nofollow noopener\" target=\"_blank\"> n\u00e3o houve golo de autor<\/a>, mas sim um pen\u00e1lti conquistado por Deniz G\u00fcl, agarrado por Tebo em zona proibida.<\/p>\n<p>G\u00fcl justificaria a confian\u00e7a nele depositada por Farioli e s\u00f3 n\u00e3o ampliou a vantagem porque o ex-Sp. Braga Matheus Magalh\u00e3es voou para uma importante defesa.<\/p>\n<p>No FC Porto era, contudo, latente o nervosismo de Rodrigo Mora. E depois do primeiro sinal de perigo do Estrela Vermelha, a explorar uma distrac\u00e7\u00e3o de Martim Fernandes, com Ivanovic a cabecear sobre a barra, a forma\u00e7\u00e3o s\u00e9rvia tornou-se na primeira equipa a marcar no Drag\u00e3o em 2025-26, com Kostov, de 17 anos, a assinar o segundo golo sofrido pelos portistas na era Farioli.<\/p>\n<p>        &#13;<\/p>\n<blockquote class=\"twitter-tweet\" data-media-max-width=\"560\">\n<p lang=\"ro\" dir=\"ltr\">Kostov bateu forte para o empate ??<a href=\"https:\/\/twitter.com\/hashtag\/sporttvportugal?src=hash&amp;ref_src=twsrc%5Etfw\" rel=\"nofollow noopener\" target=\"_blank\">#sporttvportugal<\/a> <a href=\"https:\/\/twitter.com\/hashtag\/EUROPAnaSPORTTV?src=hash&amp;ref_src=twsrc%5Etfw\" rel=\"nofollow noopener\" target=\"_blank\">#EUROPAnaSPORTTV<\/a> <a href=\"https:\/\/twitter.com\/hashtag\/UefaEuropaLeague?src=hash&amp;ref_src=twsrc%5Etfw\" rel=\"nofollow noopener\" target=\"_blank\">#UefaEuropaLeague<\/a> <a href=\"https:\/\/twitter.com\/hashtag\/FCPorto?src=hash&amp;ref_src=twsrc%5Etfw\" rel=\"nofollow noopener\" target=\"_blank\">#FCPorto<\/a> <a href=\"https:\/\/twitter.com\/hashtag\/EstrelaVermelha?src=hash&amp;ref_src=twsrc%5Etfw\" rel=\"nofollow noopener\" target=\"_blank\">#EstrelaVermelha<\/a> <a href=\"https:\/\/twitter.com\/hashtag\/ConfiaBetano?src=hash&amp;ref_src=twsrc%5Etfw\" rel=\"nofollow noopener\" target=\"_blank\">#ConfiaBetano<\/a> <a href=\"https:\/\/twitter.com\/hashtag\/BetanoUEL?src=hash&amp;ref_src=twsrc%5Etfw\" rel=\"nofollow noopener\" target=\"_blank\">#BetanoUEL<\/a> <a href=\"https:\/\/t.co\/Uidbc2oXIx\" rel=\"nofollow\">pic.twitter.com\/Uidbc2oXIx<\/a><\/p>\n<p>\u2014 sport tv (@sporttvportugal) <a href=\"https:\/\/twitter.com\/sporttvportugal\/status\/1973837074785509858?ref_src=twsrc%5Etfw\" rel=\"nofollow noopener\" target=\"_blank\">October 2, 2025<\/a><\/p><\/blockquote>\n<p> &#13;<\/p>\n<p>Um golo que traduzia o crescimento do Estrela Vermelha e expunha as fraquezas de um conjunto portista algo deslumbrado que foi obrigado a conferir a factura da falta de experi\u00eancia de grande parte das suas unidades.<\/p>\n<p>Alarc\u00f3n, um extremo da equipa B, que se estreou a titular na forma\u00e7\u00e3o principal, deu espa\u00e7o a Kostov no livre apontado por Tom\u00e1s H\u00e4ndel (esteve perto de ser &#8220;drag\u00e3o&#8221;), a castigar uma carga de Mora a Radonjic. O resultado foi o golo do empate numa fase de desnorte e de avolumar de erros que poderia ter sido fatal para os &#8220;azuis e brancos&#8221;.<\/p>\n<p>Perdida a vantagem, o FC Porto tinha 45 minutos para conseguir o nono triunfo consecutivo, com Farioli a chamar Froholdt e a salvaguardar Bednarek (com Pablo Rosario a baixar para central), trocando Martim por Alberto Costa.<\/p>\n<p>O FC Porto parecia esperar um rasgo de Mora ou William Gomes enquanto Pablo Rosario se mentalizava das novas fun\u00e7\u00f5es e a equipa procurava equilibrar-se com o contributo do jovem dinamarqu\u00eas.<\/p>\n<p>William tentou surpreender Matheus, mas foi o Estrela Vermelha a mostrar as garras com Arnautovic a falhar o segundo golo dos visitantes.<\/p>\n<p>        &#13;<\/p>\n<blockquote class=\"twitter-tweet\" data-media-max-width=\"560\">\n<p lang=\"pt\" dir=\"ltr\">Rodrigo Mora s\u00f3 teve de encostar para garantir os tr\u00eas pontos para os drag\u00f5es ??<a href=\"https:\/\/twitter.com\/hashtag\/sporttvportugal?src=hash&amp;ref_src=twsrc%5Etfw\" rel=\"nofollow noopener\" target=\"_blank\">#sporttvportugal<\/a> <a href=\"https:\/\/twitter.com\/hashtag\/EUROPAnaSPORTTV?src=hash&amp;ref_src=twsrc%5Etfw\" rel=\"nofollow noopener\" target=\"_blank\">#EUROPAnaSPORTTV<\/a> <a href=\"https:\/\/twitter.com\/hashtag\/UefaEuropaLeague?src=hash&amp;ref_src=twsrc%5Etfw\" rel=\"nofollow noopener\" target=\"_blank\">#UefaEuropaLeague<\/a> <a href=\"https:\/\/twitter.com\/hashtag\/FCPorto?src=hash&amp;ref_src=twsrc%5Etfw\" rel=\"nofollow noopener\" target=\"_blank\">#FCPorto<\/a> <a href=\"https:\/\/twitter.com\/hashtag\/EstrelaVermelha?src=hash&amp;ref_src=twsrc%5Etfw\" rel=\"nofollow noopener\" target=\"_blank\">#EstrelaVermelha<\/a> <a href=\"https:\/\/twitter.com\/hashtag\/ConfiaBetano?src=hash&amp;ref_src=twsrc%5Etfw\" rel=\"nofollow noopener\" target=\"_blank\">#ConfiaBetano<\/a> <a href=\"https:\/\/twitter.com\/hashtag\/BetanoUEL?src=hash&amp;ref_src=twsrc%5Etfw\" rel=\"nofollow noopener\" target=\"_blank\">#BetanoUEL<\/a> <a href=\"https:\/\/t.co\/KgAG1IOBJn\" rel=\"nofollow\">pic.twitter.com\/KgAG1IOBJn<\/a><\/p>\n<p>\u2014 sport tv (@sporttvportugal) <a href=\"https:\/\/twitter.com\/sporttvportugal\/status\/1973855219252392034?ref_src=twsrc%5Etfw\" rel=\"nofollow noopener\" target=\"_blank\">October 2, 2025<\/a><\/p><\/blockquote>\n<p> &#13;<\/p>\n<p>Farioli percebeu que precisava de mais alguns pesos-pesados, pelo que chamou Pep\u00ea e Borja Sainz, que contribu\u00edram para o resgate da confian\u00e7a abalada. Mora esteve na imin\u00eancia de marcar ap\u00f3s desmarca\u00e7\u00e3o de Borja, cuja posi\u00e7\u00e3o ainda teria de ser revista.<\/p>\n<p>Rodrigo Mora acabaria mesmo o jogo como homem de \u00e1rea, a outra posi\u00e7\u00e3o em que Farioli acredita que o jovem portista pode fazer a diferen\u00e7a. Premoni\u00e7\u00e3o ou golpe de sorte de campe\u00e3o, Farioli acertou e Mora ofereceu a vit\u00f3ria ao FC Porto, com o tempo a esgotar-se e o Estrela Vermelha, que at\u00e9 podia ter marcado antes, a cair aos p\u00e9s do &#8220;drag\u00e3o&#8221;.<\/p>\n<p>            <script async src=\"https:\/\/platform.twitter.com\/widgets.js\" charset=\"utf-8\"><\/script><\/p>\n","protected":false},"excerpt":{"rendered":"Ao nono jogo, quando parecia esgotar-se a s\u00e9rie impar\u00e1vel de triunfos da era Francesco Farioli, o FC Porto&hellip;\n","protected":false},"author":2,"featured_media":96628,"comment_status":"","ping_status":"","sticky":false,"template":"","format":"standard","meta":{"footnotes":""},"categories":[87],"tags":[135,282,138,137,32,33,10804,134,2697],"class_list":{"0":"post-96627","1":"post","2":"type-post","3":"status-publish","4":"format-standard","5":"has-post-thumbnail","7":"category-desporto","8":"tag-desporto","9":"tag-fc-porto","10":"tag-futebol-internacional","11":"tag-liga-europa","12":"tag-portugal","13":"tag-pt","14":"tag-resultados-jogos","15":"tag-sports","16":"tag-uefa"},"share_on_mastodon":{"url":"","error":""},"_links":{"self":[{"href":"https:\/\/www.europesays.com\/pt\/wp-json\/wp\/v2\/posts\/96627","targetHints":{"allow":["GET"]}}],"collection":[{"href":"https:\/\/www.europesays.com\/pt\/wp-json\/wp\/v2\/posts"}],"about":[{"href":"https:\/\/www.europesays.com\/pt\/wp-json\/wp\/v2\/types\/post"}],"author":[{"embeddable":true,"href":"https:\/\/www.europesays.com\/pt\/wp-json\/wp\/v2\/users\/2"}],"replies":[{"embeddable":true,"href":"https:\/\/www.europesays.com\/pt\/wp-json\/wp\/v2\/comments?post=96627"}],"version-history":[{"count":0,"href":"https:\/\/www.europesays.com\/pt\/wp-json\/wp\/v2\/posts\/96627\/revisions"}],"wp:featuredmedia":[{"embeddable":true,"href":"https:\/\/www.europesays.com\/pt\/wp-json\/wp\/v2\/media\/96628"}],"wp:attachment":[{"href":"https:\/\/www.europesays.com\/pt\/wp-json\/wp\/v2\/media?parent=96627"}],"wp:term":[{"taxonomy":"category","embeddable":true,"href":"https:\/\/www.europesays.com\/pt\/wp-json\/wp\/v2\/categories?post=96627"},{"taxonomy":"post_tag","embeddable":true,"href":"https:\/\/www.europesays.com\/pt\/wp-json\/wp\/v2\/tags?post=96627"}],"curies":[{"name":"wp","href":"https:\/\/api.w.org\/{rel}","templated":true}]}}