{"id":96631,"date":"2025-10-03T07:14:12","date_gmt":"2025-10-03T07:14:12","guid":{"rendered":"https:\/\/www.europesays.com\/pt\/96631\/"},"modified":"2025-10-03T07:14:12","modified_gmt":"2025-10-03T07:14:12","slug":"milton-nascimento-revela-diagnostico-de-demencia","status":"publish","type":"post","link":"https:\/\/www.europesays.com\/pt\/96631\/","title":{"rendered":"Milton Nascimento revela diagn\u00f3stico de dem\u00eancia"},"content":{"rendered":"<p>                            <img width=\"944\" height=\"531\" src=\"https:\/\/www.europesays.com\/pt\/wp-content\/uploads\/2025\/10\/Milton-Nascimento-revela-diagnostico-de-demencia-944x531.jpg\" class=\"attachment-custom-large size-custom-large article-featured-image\" alt=\"Milton Nascimento revela diagn\u00f3stico de dem\u00eancia\" fetchpriority=\"high\" decoding=\"async\"  \/><\/p>\n<p>Milton Nascimento tem 82 anos (Foto: Redes sociais, Reprodu\u00e7\u00e3o)<\/p>\n<p>Aos 82 anos, o cantor Milton Nascimento recebeu o diagn\u00f3stico de dem\u00eancia por corpos de Lewy (DCL), conforme revelado em reportagem da revista\u00a0Piau\u00ed nesta quinta-feira (2). A doen\u00e7a \u00e9 o terceiro tipo mais comum de dem\u00eancia, resultante da degenera\u00e7\u00e3o de c\u00e9lulas nervosas no c\u00e9rebro.<\/p>\n<p>Continua depois da publicidade<\/p>\n<p>O quadro foi identificado ap\u00f3s o filho do artista, Augusto Nascimento, notar mudan\u00e7as em seu comportamento no primeiro semestre deste ano. Milton apresentava lapsos de mem\u00f3ria, falta de apetite, olhar fixo e se tornou repetitivo, contando as mesmas hist\u00f3rias em intervalos curtos, conforme a reportagem.<\/p>\n<p>Preocupado, Augusto acionou o cl\u00ednico geral Weverton Siqueira, que acompanha Milton h\u00e1 uma d\u00e9cada. O m\u00e9dico, assustado com o decl\u00ednio cognitivo abrupto do paciente, iniciou uma s\u00e9rie de testes em abril.<\/p>\n<p>Diagn\u00f3stico veio ap\u00f3s viagem aos EUA<\/p>\n<p>Antes da confirma\u00e7\u00e3o da doen\u00e7a, e ciente da piora no quadro do pai, Augusto decidiu fazer uma viagem de motorhome pelos Estados Unidos.<\/p>\n<p>\u2014 Quando vi que o meu pai apresentava uma piora brusca no quadro cognitivo, perguntei ao m\u00e9dico se seria uma loucura fazer uma viagem de motorhome com ele pelos Estados Unidos \u2014 disse Augusto, \u00e0 Piau\u00ed.<\/p>\n<p>Continua depois da publicidade<\/p>\n<p>Com a aprova\u00e7\u00e3o do m\u00e9dico, que entendeu ser o momento ideal, a dupla partiu em maio. Eles percorreram 4 mil km em 16 dias, passando por estados como Arizona, Utah, Wyoming e Montana.<\/p>\n<p>\u2014 Meu pai contava para todo mundo como se tivesse sido a melhor coisa da vida dele \u2014 recorda Augusto.<\/p>\n<p>Ap\u00f3s o retorno, os exames trouxeram o diagn\u00f3stico definitivo de dem\u00eancia por corpos de Lewy. A doen\u00e7a tem sintomas semelhantes aos do Alzheimer e, em quest\u00f5es motoras, ao Parkinson \u2013 doen\u00e7a que era o diagn\u00f3stico anterior do cantor.<\/p>\n<p>Veja fotos de Milton Nascimento1<\/p>\n<p>VoltarAvan\u00e7ar<\/p>\n<p><img loading=\"lazy\" decoding=\"async\" width=\"1200\" height=\"675\" data-id=\"7671680\" src=\"data:image\/svg+xml,%3Csvg%20xmlns=\" http:=\"\" alt=\"\" class=\"wp-image-7671680\" data-lazy- data-lazy- data-lazy-src=\"https:\/\/www.europesays.com\/pt\/wp-content\/uploads\/2025\/10\/Milton-Nascimento-3.jpg\"\/><\/p>\n<p>Milton e o filho, Augusto, fizeram uma viagem de motorhome pelos Estados Unidos (Foto: Redes sociais, Reprodu\u00e7\u00e3o)<\/p>\n<p><img loading=\"lazy\" decoding=\"async\" width=\"1200\" height=\"675\" data-id=\"7671683\" src=\"data:image\/svg+xml,%3Csvg%20xmlns=\" http:=\"\" alt=\"\" class=\"wp-image-7671683\" data-lazy- data-lazy- data-lazy-src=\"https:\/\/www.europesays.com\/pt\/wp-content\/uploads\/2025\/10\/Milton-Nascimento-2.jpg\"\/><\/p>\n<p>Viagem foi antes do diagn\u00f3stico de dem\u00eancia (Foto: Redes sociais, Reprodu\u00e7\u00e3o)<\/p>\n<p><img loading=\"lazy\" decoding=\"async\" width=\"944\" height=\"531\" data-id=\"7671678\" src=\"data:image\/svg+xml,%3Csvg%20xmlns=\" http:=\"\" alt=\"\" class=\"wp-image-7671678\" data-lazy- data-lazy- data-lazy-src=\"https:\/\/www.europesays.com\/pt\/wp-content\/uploads\/2025\/10\/Milton-Nascimento-3-944x531-1.jpg\"\/><\/p>\n<p>Neste ano, Milton Nascimento foi indicado ao Grammy na categoria de jazz (Foto: Redes sociais, Reprodu\u00e7\u00e3o)<\/p>\n<p><img loading=\"lazy\" decoding=\"async\" width=\"1200\" height=\"675\" data-id=\"7671681\" src=\"data:image\/svg+xml,%3Csvg%20xmlns=\" http:=\"\" alt=\"\" class=\"wp-image-7671681\" data-lazy- data-lazy- data-lazy-src=\"https:\/\/www.europesays.com\/pt\/wp-content\/uploads\/2025\/10\/Milton-Nascimento-4.jpg\"\/><\/p>\n<p>Milton foi campe\u00e3o do Pr\u00eamio Grande Otelo 2025, o maior pr\u00eamio do cinema brasileiro, na categoria \u201cVoto Popular\u201d (Foto: Redes sociais, Reprodu\u00e7\u00e3o)<\/p>\n<p><img loading=\"lazy\" decoding=\"async\" width=\"1200\" height=\"675\" data-id=\"7671682\" src=\"data:image\/svg+xml,%3Csvg%20xmlns=\" http:=\"\" alt=\"\" class=\"wp-image-7671682\" data-lazy- data-lazy- data-lazy-src=\"https:\/\/www.europesays.com\/pt\/wp-content\/uploads\/2025\/10\/Milton-Nascimento-1.jpg\"\/><\/p>\n<p>Milton est\u00e1 com 82 anos (Foto: Redes sociais, Reprodu\u00e7\u00e3o)<\/p>\n<p>Continua depois da publicidade<\/p>\n<p>Os principais sinais da Dem\u00eancia por Corpos de Lewy<\/p>\n<p>Diagnosticada em Milton Nascimento, a Dem\u00eancia por Corpos de Lewy (CDL) \u00e9 a terceira forma mais comum de dem\u00eancia. A doen\u00e7a frequentemente \u00e9 confundida com Alzheimer e Parkinson, mas o conjunto espec\u00edfico de sintomas \u2013 especialmente as flutua\u00e7\u00f5es cognitivas e alucina\u00e7\u00f5es \u2013 ajuda no diagn\u00f3stico.<\/p>\n<p>Conhe\u00e7a os sintomas caracter\u00edsticos:<\/p>\n<ul class=\"wp-block-list\">\n<li>Flutua\u00e7\u00f5es cognitivas (lucidez e confus\u00e3o em dias alternados)<\/li>\n<li>Alucina\u00e7\u00f5es visuais v\u00edvidas e detalhadas<\/li>\n<li>Rigidez muscular e tremores (sintomas parkinsonianos)<\/li>\n<li>Agita\u00e7\u00e3o durante o sono REM, com \u201cencena\u00e7\u00e3o\u201d dos sonhos<\/li>\n<li>Sensibilidade grave a medicamentos antipsic\u00f3ticos<\/li>\n<li>Quedas frequentes por desregula\u00e7\u00e3o da press\u00e3o arterial<\/li>\n<\/ul>\n<p>Leia tamb\u00e9m<\/p>\n<p><a href=\"https:\/\/www.nsctotal.com.br\/noticias\/globo-processara-funcionario-que-vazar-assassino-de-odete-roitman-e-o-final-de-vale-tudo\" target=\"_blank\" rel=\"noreferrer noopener nofollow\"><strong>Globo processar\u00e1 funcion\u00e1rio que vazar assassino de Odete Roitman e o final de Vale Tudo<\/strong><\/a><\/p>\n","protected":false},"excerpt":{"rendered":"Milton Nascimento tem 82 anos (Foto: Redes sociais, Reprodu\u00e7\u00e3o) Aos 82 anos, o cantor Milton Nascimento recebeu o&hellip;\n","protected":false},"author":2,"featured_media":96632,"comment_status":"","ping_status":"","sticky":false,"template":"","format":"standard","meta":{"footnotes":""},"categories":[145],"tags":[211,210,829,114,115,32,33],"class_list":{"0":"post-96631","1":"post","2":"type-post","3":"status-publish","4":"format-standard","5":"has-post-thumbnail","7":"category-celebridades","8":"tag-celebridades","9":"tag-celebrities","10":"tag-conteudo-liberado","11":"tag-entertainment","12":"tag-entretenimento","13":"tag-portugal","14":"tag-pt"},"share_on_mastodon":{"url":"","error":""},"_links":{"self":[{"href":"https:\/\/www.europesays.com\/pt\/wp-json\/wp\/v2\/posts\/96631","targetHints":{"allow":["GET"]}}],"collection":[{"href":"https:\/\/www.europesays.com\/pt\/wp-json\/wp\/v2\/posts"}],"about":[{"href":"https:\/\/www.europesays.com\/pt\/wp-json\/wp\/v2\/types\/post"}],"author":[{"embeddable":true,"href":"https:\/\/www.europesays.com\/pt\/wp-json\/wp\/v2\/users\/2"}],"replies":[{"embeddable":true,"href":"https:\/\/www.europesays.com\/pt\/wp-json\/wp\/v2\/comments?post=96631"}],"version-history":[{"count":0,"href":"https:\/\/www.europesays.com\/pt\/wp-json\/wp\/v2\/posts\/96631\/revisions"}],"wp:featuredmedia":[{"embeddable":true,"href":"https:\/\/www.europesays.com\/pt\/wp-json\/wp\/v2\/media\/96632"}],"wp:attachment":[{"href":"https:\/\/www.europesays.com\/pt\/wp-json\/wp\/v2\/media?parent=96631"}],"wp:term":[{"taxonomy":"category","embeddable":true,"href":"https:\/\/www.europesays.com\/pt\/wp-json\/wp\/v2\/categories?post=96631"},{"taxonomy":"post_tag","embeddable":true,"href":"https:\/\/www.europesays.com\/pt\/wp-json\/wp\/v2\/tags?post=96631"}],"curies":[{"name":"wp","href":"https:\/\/api.w.org\/{rel}","templated":true}]}}