{"id":96636,"date":"2025-10-03T07:26:24","date_gmt":"2025-10-03T07:26:24","guid":{"rendered":"https:\/\/www.europesays.com\/pt\/96636\/"},"modified":"2025-10-03T07:26:24","modified_gmt":"2025-10-03T07:26:24","slug":"homem-encontrado-morto-com-maos-atadas-olhos-vendados-e-amordacado-suspeito-detido-pela-pj","status":"publish","type":"post","link":"https:\/\/www.europesays.com\/pt\/96636\/","title":{"rendered":"Homem encontrado morto com m\u00e3os atadas, olhos vendados e amorda\u00e7ado. Suspeito detido pela PJ"},"content":{"rendered":"<p>Segundo a PJ, a investiga\u00e7\u00e3o iniciou-se a 3 de fevereiro, depois de a v\u00edtima ter sido encontrada por um vizinho, no interior da sua resid\u00eancia, &#8220;com as m\u00e3os atadas, olhos vendados e amorda\u00e7ada&#8221;.<\/p>\n<p data-remotead-prev-elm=\"true\" data-remotead-elm-id=\"inread\">&#8220;No decurso das dilig\u00eancias, foram recolhidos vest\u00edgios biol\u00f3gicos no local do crime, cujas per\u00edcias, realizadas pelo Laborat\u00f3rio de Pol\u00edcia Cient\u00edfica, permitiram identificar um perfil de ADN distinto do da v\u00edtima&#8221;, informou, esta quinta-feira, a for\u00e7a policial, acrescentando que, atrav\u00e9s da recolha comparativa de amostras biol\u00f3gicas de pessoas com liga\u00e7\u00e3o \u00e0 v\u00edtima, &#8220;foi poss\u00edvel estabelecer a correspond\u00eancia com o suspeito, residente na mesma cidade&#8221;.<\/p>\n<p>Apresentado a primeiro interrogat\u00f3rio judicial, o suspeito ficou em pris\u00e3o preventiva.<\/p>\n","protected":false},"excerpt":{"rendered":"Segundo a PJ, a investiga\u00e7\u00e3o iniciou-se a 3 de fevereiro, depois de a v\u00edtima ter sido encontrada por&hellip;\n","protected":false},"author":2,"featured_media":96637,"comment_status":"","ping_status":"","sticky":false,"template":"","format":"standard","meta":{"footnotes":""},"categories":[10],"tags":[351,27,28,15,16,14,603,25,26,21,22,12,13,19,20,4107,32,23,24,33,17,18,29,30,31],"class_list":{"0":"post-96636","1":"post","2":"type-post","3":"status-publish","4":"format-standard","5":"has-post-thumbnail","7":"category-portugal","8":"tag-acores","9":"tag-breaking-news","10":"tag-breakingnews","11":"tag-featured-news","12":"tag-featurednews","13":"tag-headlines","14":"tag-justica","15":"tag-latest-news","16":"tag-latestnews","17":"tag-main-news","18":"tag-mainnews","19":"tag-news","20":"tag-noticias","21":"tag-noticias-principais","22":"tag-noticiasprincipais","23":"tag-pj","24":"tag-portugal","25":"tag-principais-noticias","26":"tag-principaisnoticias","27":"tag-pt","28":"tag-top-stories","29":"tag-topstories","30":"tag-ultimas","31":"tag-ultimas-noticias","32":"tag-ultimasnoticias"},"share_on_mastodon":{"url":"","error":""},"_links":{"self":[{"href":"https:\/\/www.europesays.com\/pt\/wp-json\/wp\/v2\/posts\/96636","targetHints":{"allow":["GET"]}}],"collection":[{"href":"https:\/\/www.europesays.com\/pt\/wp-json\/wp\/v2\/posts"}],"about":[{"href":"https:\/\/www.europesays.com\/pt\/wp-json\/wp\/v2\/types\/post"}],"author":[{"embeddable":true,"href":"https:\/\/www.europesays.com\/pt\/wp-json\/wp\/v2\/users\/2"}],"replies":[{"embeddable":true,"href":"https:\/\/www.europesays.com\/pt\/wp-json\/wp\/v2\/comments?post=96636"}],"version-history":[{"count":0,"href":"https:\/\/www.europesays.com\/pt\/wp-json\/wp\/v2\/posts\/96636\/revisions"}],"wp:featuredmedia":[{"embeddable":true,"href":"https:\/\/www.europesays.com\/pt\/wp-json\/wp\/v2\/media\/96637"}],"wp:attachment":[{"href":"https:\/\/www.europesays.com\/pt\/wp-json\/wp\/v2\/media?parent=96636"}],"wp:term":[{"taxonomy":"category","embeddable":true,"href":"https:\/\/www.europesays.com\/pt\/wp-json\/wp\/v2\/categories?post=96636"},{"taxonomy":"post_tag","embeddable":true,"href":"https:\/\/www.europesays.com\/pt\/wp-json\/wp\/v2\/tags?post=96636"}],"curies":[{"name":"wp","href":"https:\/\/api.w.org\/{rel}","templated":true}]}}