{"id":96660,"date":"2025-10-03T07:55:09","date_gmt":"2025-10-03T07:55:09","guid":{"rendered":"https:\/\/www.europesays.com\/pt\/96660\/"},"modified":"2025-10-03T07:55:09","modified_gmt":"2025-10-03T07:55:09","slug":"resultado-final-celtic-0-2-braga","status":"publish","type":"post","link":"https:\/\/www.europesays.com\/pt\/96660\/","title":{"rendered":"Resultado final: Celtic 0-2 Braga"},"content":{"rendered":"\n<p>\n    \ud83d\udfe2 Onze do Celtic\n  <\/p>\n<p>Schmeichel, Donovan, Carter-Vickers, Scales, Tierney, Paulo Bernardo, McGregor, Nygren, Iheanacho, Maeda e Tounekti<\/p>\n<p> <strong style=\"color:#008747; font-weight:bold;\">Suplentes:<\/strong>\u00a0Sinisalo, Trusty, Balikwisha, Yang, McCowan, Kenny, Engels, Saracchi, Hatate, Murray, Forrest e Ralston\n  <\/p>\n<p>\n    \ud83d\udd34 Onze do Braga\n  <\/p>\n<p>Lukas Hornicek, Gustaf Lagerbielke, V\u00edtor Carvalho, Arrey-Mbi, Leonardo Lelo, Gorby, Yanis da Rocha, Grillitsch, Ricardo Horta, Pau Victor e El Ouazzani<\/p>\n<p> <strong style=\"color:#DA291C; font-weight:bold;\">Suplentes:<\/strong>\u00a0Tiago S\u00e1, Bellaarouch, Victor G\u00f3mez, Niakat\u00e9, Jo\u00e3o Moutinho, Zalazar, Jo\u00e3o Marques, Fran Navarro, Diego Rodrigues, Jo\u00e3o Arag\u00e3o, Gabri Mart\u00ednez e Sandro Vidigal\n  <\/p>\n","protected":false},"excerpt":{"rendered":"\ud83d\udfe2 Onze do Celtic Schmeichel, Donovan, Carter-Vickers, Scales, Tierney, Paulo Bernardo, McGregor, Nygren, Iheanacho, Maeda e Tounekti Suplentes:\u00a0Sinisalo,&hellip;\n","protected":false},"author":2,"featured_media":96661,"comment_status":"","ping_status":"","sticky":false,"template":"","format":"standard","meta":{"footnotes":""},"categories":[8],"tags":[609,836,611,23867,27,28,607,608,333,832,604,135,610,476,15,16,301,830,14,603,25,26,137,570,21,22,831,833,62,834,12,13,19,20,835,602,52,32,23,24,33,17,18,29,30,31],"class_list":{"0":"post-96660","1":"post","2":"type-post","3":"status-publish","4":"format-standard","5":"has-post-thumbnail","7":"category-principais-noticias","8":"tag-alerta","9":"tag-analise","10":"tag-ao-minuto","11":"tag-braga-celtic","12":"tag-breaking-news","13":"tag-breakingnews","14":"tag-cnn","15":"tag-cnn-portugal","16":"tag-comentadores","17":"tag-costa","18":"tag-crime","19":"tag-desporto","20":"tag-direto","21":"tag-economia","22":"tag-featured-news","23":"tag-featurednews","24":"tag-governo","25":"tag-guerra","26":"tag-headlines","27":"tag-justica","28":"tag-latest-news","29":"tag-latestnews","30":"tag-liga-europa","31":"tag-live","32":"tag-main-news","33":"tag-mainnews","34":"tag-mais-vistas","35":"tag-marcelo","36":"tag-mundo","37":"tag-negocios","38":"tag-news","39":"tag-noticias","40":"tag-noticias-principais","41":"tag-noticiasprincipais","42":"tag-opiniao","43":"tag-pais","44":"tag-politica","45":"tag-portugal","46":"tag-principais-noticias","47":"tag-principaisnoticias","48":"tag-pt","49":"tag-top-stories","50":"tag-topstories","51":"tag-ultimas","52":"tag-ultimas-noticias","53":"tag-ultimasnoticias"},"share_on_mastodon":{"url":"","error":""},"_links":{"self":[{"href":"https:\/\/www.europesays.com\/pt\/wp-json\/wp\/v2\/posts\/96660","targetHints":{"allow":["GET"]}}],"collection":[{"href":"https:\/\/www.europesays.com\/pt\/wp-json\/wp\/v2\/posts"}],"about":[{"href":"https:\/\/www.europesays.com\/pt\/wp-json\/wp\/v2\/types\/post"}],"author":[{"embeddable":true,"href":"https:\/\/www.europesays.com\/pt\/wp-json\/wp\/v2\/users\/2"}],"replies":[{"embeddable":true,"href":"https:\/\/www.europesays.com\/pt\/wp-json\/wp\/v2\/comments?post=96660"}],"version-history":[{"count":0,"href":"https:\/\/www.europesays.com\/pt\/wp-json\/wp\/v2\/posts\/96660\/revisions"}],"wp:featuredmedia":[{"embeddable":true,"href":"https:\/\/www.europesays.com\/pt\/wp-json\/wp\/v2\/media\/96661"}],"wp:attachment":[{"href":"https:\/\/www.europesays.com\/pt\/wp-json\/wp\/v2\/media?parent=96660"}],"wp:term":[{"taxonomy":"category","embeddable":true,"href":"https:\/\/www.europesays.com\/pt\/wp-json\/wp\/v2\/categories?post=96660"},{"taxonomy":"post_tag","embeddable":true,"href":"https:\/\/www.europesays.com\/pt\/wp-json\/wp\/v2\/tags?post=96660"}],"curies":[{"name":"wp","href":"https:\/\/api.w.org\/{rel}","templated":true}]}}