{"id":96711,"date":"2025-10-03T09:16:12","date_gmt":"2025-10-03T09:16:12","guid":{"rendered":"https:\/\/www.europesays.com\/pt\/96711\/"},"modified":"2025-10-03T09:16:12","modified_gmt":"2025-10-03T09:16:12","slug":"dna-brasileiro-revela-segredos-sobre-o-cancer-de-intestino-noticias-r7","status":"publish","type":"post","link":"https:\/\/www.europesays.com\/pt\/96711\/","title":{"rendered":"DNA brasileiro revela segredos sobre o c\u00e2ncer de intestino \u2013 Noticias R7"},"content":{"rendered":"<p>LEIA AQUI O RESUMO DA NOT\u00cdCIA<\/p>\n<ul class=\"b-article-body-custom-embed-brief-news__list\" style=\"margin: 0; padding-left: 20px; list-style-type: disc;\">\n<li>Um estudo in\u00e9dito no Brasil revela que a mistura gen\u00e9tica influencia o risco de c\u00e2ncer colorretal.<\/li>\n<li>A pesquisa analisou quase duas mil pessoas e identificou quatro varia\u00e7\u00f5es no DNA relacionadas ao c\u00e2ncer.<\/li>\n<li>A ancestralidade \u00e9 um fator crucial, com diferentes propor\u00e7\u00f5es de heran\u00e7a africana e asi\u00e1tica afetando o risco.<\/li>\n<li>O estudo destaca a necessidade de programas de rastreamento mais eficazes e diagn\u00f3sticos precoces para a doen\u00e7a.<\/li>\n<\/ul>\n<p style=\"font-size: 0.8em; font-style: italic; text-align: right; margin-top: 15px; padding-bottom: 5px; margin-bottom: 0;\">Produzido pela Ri7a &#8211; a Intelig\u00eancia Artificial do R7<\/p>\n<p><img decoding=\"async\" data-chromatic=\"ignore\" alt=\"\" class=\"c-image\" loading=\"lazy\" src=\"https:\/\/www.europesays.com\/pt\/wp-content\/uploads\/2025\/10\/VC6XEQZI75GHZL2F5WSSITY6DQ.png\"  width=\"1024\" height=\"1536\"\/>O DNA brasileiro revela segredos sobre o c\u00e2ncer de intestino Imagem Gerada por  AI <\/p>\n<p class=\"jarvics:base-text-neutral-high-400 base-text-[calc(theme(fontSize.xs)_*_var(--font-size,_1))] base-font-normal base-font-primary base-text-neutral-low-500 base-text-left\">Um estudo in\u00e9dito feito no <a href=\"https:\/\/www.r7.com\/tudo-sobre\/brasil\/\" target=\"_self\" rel=\"nofollow noopener\" title=\"https:\/\/www.r7.com\/tudo-sobre\/brasil\/\">Brasil<\/a> mostrou que nossa mistura gen\u00e9tica pode influenciar o risco de <a href=\"https:\/\/www.r7.com\/tudo-sobre\/cancer\/\" target=\"_self\" rel=\"nofollow noopener\" title=\"https:\/\/www.r7.com\/tudo-sobre\/cancer\/\">c\u00e2ncer<\/a> colorretal, o segundo mais comum entre homens e mulheres no pa\u00eds. A pesquisa foi conduzida pelo Hospital de Amor em Barretos e publicada na revista cient\u00edfica <a href=\"https:\/\/ascopubs.org\/doi\/pdf\/10.1200\/GO-24-00512\" target=\"_blank\" rel=\"nofollow noopener\" title=\"https:\/\/ascopubs.org\/doi\/pdf\/10.1200\/GO-24-00512\">JCO Global Oncology<\/a>.<\/p>\n<p class=\"jarvics:base-text-neutral-high-400 base-text-[calc(theme(fontSize.xs)_*_var(--font-size,_1))] base-font-normal base-font-primary base-text-neutral-low-500 base-text-left\">Foram analisadas quase duas mil pessoas de diferentes regi\u00f5es brasileiras, entre pacientes com a doen\u00e7a e controles saud\u00e1veis. Os cientistas avaliaram varia\u00e7\u00f5es no DNA conhecidas por afetar o risco de c\u00e2ncer em outras popula\u00e7\u00f5es. Quatro delas se destacaram, duas ligadas a maior probabilidade de desenvolver o tumor e duas associadas a efeito protetor.<\/p>\n<p class=\"jarvics:base-text-neutral-high-400 base-text-[calc(theme(fontSize.xs)_*_var(--font-size,_1))] base-font-normal base-font-primary base-text-neutral-low-500 base-text-left\">Os pesquisadores tamb\u00e9m descobriram que a ancestralidade faz diferen\u00e7a. Pessoas com menor propor\u00e7\u00e3o de heran\u00e7a africana ou asi\u00e1tica apresentaram risco maior, enquanto aqueles com uma parcela intermedi\u00e1ria dessas origens tiveram efeito protetor. <\/p>\n<p class=\"jarvics:base-text-neutral-high-400 base-text-[calc(theme(fontSize.xs)_*_var(--font-size,_1))] base-font-normal base-font-primary base-text-neutral-low-500 base-text-left\">Isso sugere que a miscigena\u00e7\u00e3o, marca registrada do povo brasileiro, pode em alguns casos oferecer uma esp\u00e9cie de escudo natural contra a doen\u00e7a.<\/p>\n<p class=\"jarvics:base-text-neutral-high-400 base-text-[calc(theme(fontSize.xs)_*_var(--font-size,_1))] base-font-normal base-font-primary base-text-neutral-low-500 base-text-left\">O estudo ainda tra\u00e7ou o retrato dos pacientes. A maioria tinha mais de 50 anos e era formada por homens. Um ter\u00e7o dos tumores estava localizado no c\u00f3lon proximal, outro ter\u00e7o no c\u00f3lon distal e o restante no reto. <\/p>\n<p class=\"jarvics:base-text-neutral-high-400 base-text-[calc(theme(fontSize.xs)_*_var(--font-size,_1))] base-font-normal base-font-primary base-text-neutral-low-500 base-text-left\">Mais da metade dos casos foi diagnosticada em est\u00e1gios intermedi\u00e1rios e avan\u00e7ados e quase 40 por cento dos pacientes j\u00e1 tinham falecido por causa da doen\u00e7a no momento do levantamento. <\/p>\n<p class=\"jarvics:base-text-neutral-high-400 base-text-[calc(theme(fontSize.xs)_*_var(--font-size,_1))] base-font-normal base-font-primary base-text-neutral-low-500 base-text-left\">Esses n\u00fameros refor\u00e7am a urg\u00eancia de investir em programas de rastreamento mais eficazes e diagn\u00f3sticos precoces.<\/p>\n<p class=\"jarvics:base-text-neutral-high-400 base-text-[calc(theme(fontSize.xs)_*_var(--font-size,_1))] base-font-normal base-font-primary base-text-neutral-low-500 base-text-left\">At\u00e9 hoje a maior parte das pesquisas gen\u00e9ticas sobre c\u00e2ncer foi feita em europeus, o que pode aumentar desigualdades em sa\u00fade. Este trabalho brasileiro, o maior j\u00e1 realizado no pa\u00eds nessa \u00e1rea, ajuda a corrigir essa lacuna e abre caminho para estrat\u00e9gias de preven\u00e7\u00e3o e rastreamento adaptadas \u00e0 realidade da nossa popula\u00e7\u00e3o.<\/p>\n<p class=\"jarvics:base-text-neutral-high-400 base-text-[calc(theme(fontSize.xs)_*_var(--font-size,_1))] base-font-normal base-font-primary base-text-neutral-low-500 base-text-left\">O estudo foi financiado pela <a href=\"https:\/\/fapesp.br\/\" target=\"_blank\" rel=\"nofollow noopener\" title=\"https:\/\/fapesp.br\/\">FAPESP.<\/a><\/p>\n<p><video controls=\"\" class=\"video-js\" preload=\"metadata\" poster=\"https:\/\/d22yf0mxeu0gma.cloudfront.net\/09-30-2025\/t_2f95a251fcd442c494e5e7773139069a_name_file_960x540_1600_v4_.jpg\" title=\"Primeiro rem&#xE9;dio para c&#xE2;ncer de ov&#xE1;rio resistente &#xE0; quimio &#xE9; aprovado\" data-sprite-url=\"\" data-metadata=\"{&quot;title&quot;:&quot;Primeiro rem&#xE9;dio para c&#xE2;ncer de ov&#xE1;rio resistente &#xE0; quimio &#xE9; aprovado&quot;,&quot;sectionName&quot;:&quot;R7&quot;,&quot;mainSection&quot;:&quot;Ci&#xEA;ncia para o Dia a Dia&quot;,&quot;subSection&quot;:&quot;&quot;,&quot;views&quot;:&quot;&quot;,&quot;disableAdv&quot;:&quot;false&quot;,&quot;createdDate&quot;:&quot;2025-09-30T22:54:25Z&quot;,&quot;mainSectionUrl&quot;:&quot;https:\/\/noticias.r7.com\/record-news\/news-das-19h\/video\/primeiro-remedio-para-cancer-de-ovario-resistente-a-quimio-e-aprovado-30092025\/&quot;,&quot;sectionPath&quot;:&quot;https:\/\/noticias.r7.com\/record-news\/news-das-19h&quot;,&quot;ageRating&quot;:&quot;&quot;,&quot;ageRatingDescription&quot;:&quot;&quot;,&quot;duration&quot;:104682,&quot;playerUrl&quot;:&quot;https:\/\/noticias.r7.com\/player\/c526e362-6d32-4564-9f80-4bf749c2d109\/&quot;}\" data-player-params=\"{&quot;p&quot;:&quot;true&quot;,&quot;autoPlay&quot;:&quot;false&quot;,&quot;logo&quot;:&quot;true&quot;,&quot;playlistId&quot;:&quot;false&quot;,&quot;calhau&quot;:&quot;false&quot;,&quot;share&quot;:&quot;true&quot;,&quot;sz&quot;:&quot;false&quot;,&quot;full&quot;:&quot;true&quot;,&quot;customAdHash&quot;:&quot;\/7542\/blog\/cienciaparaodiaadia&quot;,&quot;referrerUrl&quot;:&quot;&quot;,&quot;externalLinks&quot;:&quot;true&quot;,&quot;debug&quot;:&quot;false&quot;,&quot;debugHash&quot;:&quot;false&quot;,&quot;debugRelated&quot;:&quot;false&quot;,&quot;timerRelated&quot;:&quot;true&quot;,&quot;logoRecord&quot;:&quot;false&quot;,&quot;contextModal&quot;:&quot;false&quot;,&quot;parentUrl&quot;:&quot;https:\/\/record.r7.com\/&quot;,&quot;t&quot;:&quot;0&quot;,&quot;noTitle&quot;:false,&quot;endBehavior&quot;:&quot;default&quot;}\" data-related-videos=\"[{&quot;title&quot;:&quot;Abrasel oferece capacita&#xE7;&#xE3;o para identificar bebida adulterada&quot;,&quot;thumb&quot;:&quot;https:\/\/d22yf0mxeu0gma.cloudfront.net\/10-02-2025\/t_1666a9b5715b4008a0e820eff8cd5be2_name_file_960x540_1600_v4_.jpg&quot;,&quot;url&quot;:&quot;https:\/\/noticias.r7.com\/record-news\/hora-news\/video\/abrasel-oferece-capacitacao-para-identificar-bebida-adulterada-02102025\/&quot;,&quot;embedUrl&quot;:&quot;https:\/\/noticias.r7.com\/player\/02d30273-24bd-4362-b6c4-008316ad01d1\/&quot;},{&quot;title&quot;:&quot;Intoxica&#xE7;&#xE3;o por metanol: Brasil n&#xE3;o tem estoque suficiente de ant&#xED;doto para tratar casos&quot;,&quot;thumb&quot;:&quot;https:\/\/d22yf0mxeu0gma.cloudfront.net\/10-02-2025\/t_a4967c0ac2ce452d8bab7f9ebaa34494_name_file_960x540_1600_v4_.jpg&quot;,&quot;url&quot;:&quot;https:\/\/noticias.r7.com\/record-news\/conexao-record-news\/video\/intoxicacao-por-metanol-brasil-nao-tem-estoque-suficiente-de-antidoto-para-tratar-casos-02102025\/&quot;,&quot;embedUrl&quot;:&quot;https:\/\/noticias.r7.com\/player\/abb97d8d-c191-4567-9889-0341785400ca\/&quot;},{&quot;title&quot;:&quot;Grupo de bal&#xE9; para idosas est&#xE1; fazendo sucesso no Rio&quot;,&quot;thumb&quot;:&quot;https:\/\/d22yf0mxeu0gma.cloudfront.net\/10-02-2025\/t_ebf5249ffbad4aca852ef61ed009ea15_name_file_960x540_1600_v4_.jpg&quot;,&quot;url&quot;:&quot;https:\/\/noticias.r7.com\/record-news\/news-das-10\/video\/grupo-de-bale-para-idosas-esta-fazendo-sucesso-no-rio-02102025\/&quot;,&quot;embedUrl&quot;:&quot;https:\/\/noticias.r7.com\/player\/083ca42e-c607-4aeb-b8f1-d7d16294b2b3\/&quot;}]\" data-player-url=\"https:\/\/noticias.r7.com\/player\/c526e362-6d32-4564-9f80-4bf749c2d109\/\" data-arc-video=\"\" data-arc-id=\"c526e362-6d32-4564-9f80-4bf749c2d109\" data-short=\"false\" style=\"visibility:hidden\"><\/video>\ud83d\udca1<b>O que voc\u00ea gostaria de ver na pr\u00f3xima mat\u00e9ria? Mande suas ideias <\/b><a href=\"https:\/\/www.linkedin.com\/in\/camillepcoutinho\" rel=\"nofollow noopener\" title=\"https:\/\/www.linkedin.com\/in\/camillepcoutinho\" target=\"_blank\"><b>aqui<\/b> <\/a>\ud83d\udca1<\/p>\n<p class=\"jarvics:base-text-neutral-high-400 base-text-[calc(theme(fontSize.xs)_*_var(--font-size,_1))] base-font-normal base-font-primary base-text-neutral-low-500 base-text-left\">\u2705<b>Fique por dentro das principais not\u00edcias do dia no Brasil e no mundo. <\/b><a href=\"https:\/\/whatsapp.com\/channel\/0029Va6eEELGZNCyryabmO1m\" rel=\"nofollow noopener\" target=\"_blank\"><b>Siga o canal do R7<\/b><\/a><b>, o portal de not\u00edcias da Record, no WhatsApp<\/b><\/p>\n","protected":false},"excerpt":{"rendered":"LEIA AQUI O RESUMO DA NOT\u00cdCIA Um estudo in\u00e9dito no Brasil revela que a mistura gen\u00e9tica influencia o&hellip;\n","protected":false},"author":2,"featured_media":96712,"comment_status":"","ping_status":"","sticky":false,"template":"","format":"standard","meta":{"footnotes":""},"categories":[86],"tags":[1776,116,32,33,4475,117],"class_list":{"0":"post-96711","1":"post","2":"type-post","3":"status-publish","4":"format-standard","5":"has-post-thumbnail","7":"category-saude","8":"tag-cancer","9":"tag-health","10":"tag-portugal","11":"tag-pt","12":"tag-qualidade-de-vida","13":"tag-saude"},"share_on_mastodon":{"url":"","error":""},"_links":{"self":[{"href":"https:\/\/www.europesays.com\/pt\/wp-json\/wp\/v2\/posts\/96711","targetHints":{"allow":["GET"]}}],"collection":[{"href":"https:\/\/www.europesays.com\/pt\/wp-json\/wp\/v2\/posts"}],"about":[{"href":"https:\/\/www.europesays.com\/pt\/wp-json\/wp\/v2\/types\/post"}],"author":[{"embeddable":true,"href":"https:\/\/www.europesays.com\/pt\/wp-json\/wp\/v2\/users\/2"}],"replies":[{"embeddable":true,"href":"https:\/\/www.europesays.com\/pt\/wp-json\/wp\/v2\/comments?post=96711"}],"version-history":[{"count":0,"href":"https:\/\/www.europesays.com\/pt\/wp-json\/wp\/v2\/posts\/96711\/revisions"}],"wp:featuredmedia":[{"embeddable":true,"href":"https:\/\/www.europesays.com\/pt\/wp-json\/wp\/v2\/media\/96712"}],"wp:attachment":[{"href":"https:\/\/www.europesays.com\/pt\/wp-json\/wp\/v2\/media?parent=96711"}],"wp:term":[{"taxonomy":"category","embeddable":true,"href":"https:\/\/www.europesays.com\/pt\/wp-json\/wp\/v2\/categories?post=96711"},{"taxonomy":"post_tag","embeddable":true,"href":"https:\/\/www.europesays.com\/pt\/wp-json\/wp\/v2\/tags?post=96711"}],"curies":[{"name":"wp","href":"https:\/\/api.w.org\/{rel}","templated":true}]}}